{"id":363857,"date":"2026-09-03T05:05:09","date_gmt":"2026-09-03T05:05:09","guid":{"rendered":"https:\/\/www.europesays.com\/se\/363857\/"},"modified":"2026-09-03T05:05:09","modified_gmt":"2026-09-03T05:05:09","slug":"danska-pet-varnar-for-ryskt-sabotage-mot-forsvarsindustrin-sveriges-radio","status":"publish","type":"post","link":"https:\/\/www.europesays.com\/se\/363857\/","title":{"rendered":"Danska PET varnar f\u00f6r ryskt sabotage mot f\u00f6rsvarsindustrin &#8211; Sveriges Radio"},"content":{"rendered":"<ol>\n<li><a href=\"https:\/\/news.google.com\/rss\/articles\/CBMimwFBVV95cUxOTmdEdFFERzZiMDliWVRHd3cybEtkQkxhSzUtdW1qUnNwck8zaGVlTE1Zc0Noc0Rkbk80ZENRZW96WGFXWXhmbTdKM3J0Ry1jSHRpOU5rbXpaNkFGQlQ1NGRoU1lNR2t0bkFHaC1ib1E2dFkyNldSUXgycmNjRHZKTkF2aHRFWEtXcVRvSldKRm8tQmRiVjZiVnBpRQ?oc=5\" target=\"_blank\" rel=\"nofollow noopener\">Danska PET varnar f\u00f6r ryskt sabotage mot f\u00f6rsvarsindustrin<\/a>&nbsp;&nbsp;Sveriges Radio<\/li>\n<li><a href=\"https:\/\/news.google.com\/rss\/articles\/CBMigwFBVV95cUxQcWY5V2RmV19BcXVkclJNRjZrd3c3SVo4cnJ4Z2t1S0ZBU25xeTUwSGs4VTJNcVVqc3A5NThTdG9oWTlvWDh0UTBIMVdVamFzdWFkUnUwZjBPRkprNjRHeU9NTFRzVmkybmkxU1prSUtjOGloVzJEa0JJNTBKb0dKcERmcw?oc=5\" target=\"_blank\" rel=\"nofollow noopener\">Danmarks s\u00e4kerhetspolis varnar f\u00f6r ryskt sabotage<\/a>&nbsp;&nbsp;Aftonbladet<\/li>\n<li><a href=\"https:\/\/news.google.com\/rss\/articles\/CBMiQEFVX3lxTFBiV1hZWm9ESS1OUnpzQVFLSjkwNGp1Qk5fMkl5dmRkdkZHaDYxT19HN19OQ2swc3Y5MDRxN29aRTA?oc=5\" target=\"_blank\" rel=\"nofollow noopener\">Dansk underr\u00e4ttelsetj\u00e4nst sl\u00e5r larm: Ryssland f\u00f6rbereder sabotage<\/a>&nbsp;&nbsp;yle.fi<\/li>\n<li><a href=\"https:\/\/news.google.com\/rss\/articles\/CBMiigFBVV95cUxPemhmSFdGUzlmXzl6VGJnRTJfSkdpc3BkdU44T3Nkd3BObWdVcmVabHNkUzFJZHpzamVoR3B0YXRmVWpmS3dGZ0x4MVRDTlB6RThSSU9ETnhUc0NPUGlGdW1qWlRFTW9oUGE3S09Qb2FVRDBqN1BJc3NxelFjc0lYSGVVTjgzMHlycmc?oc=5\" target=\"_blank\" rel=\"nofollow noopener\">Danmark: Ryssland f\u00f6rbereder sabotage<\/a>&nbsp;&nbsp;Aftonbladet<\/li>\n<li><a href=\"https:\/\/news.google.com\/rss\/articles\/CBMijAFBVV95cUxQdDhXOWJmVThnUGFGT0p5NHdJamRZSjBpYXRoOUYxOE9LUzVZeWlzX3pGenhIcEpnTnNKb056eUFXeU1pZlp0cVF3aWw3YXh1RTZ3Vm9NbnpxWVFfX09ZTW1lb3RzcUNkLS1PVFpjVGhvMzVFYnBZTjdTNHU2V0RZLTNiRnpBVXJYN0tHTw?oc=5\" target=\"_blank\" rel=\"nofollow noopener\">Kan snart sm\u00e4lla i Danmark \u2013 Ryssland taget p\u00e5 bar g\u00e4rning<\/a>&nbsp;&nbsp;Marcus Oscarsson<\/li>\n<\/ol>\n","protected":false},"excerpt":{"rendered":"Danska PET varnar f\u00f6r ryskt sabotage mot f\u00f6rsvarsindustrin&nbsp;&nbsp;Sveriges Radio Danmarks s\u00e4kerhetspolis varnar f\u00f6r ryskt sabotage&nbsp;&nbsp;Aftonbladet Dansk underr\u00e4ttelsetj\u00e4nst sl\u00e5r&hellip;\n","protected":false},"author":2,"featured_media":363858,"comment_status":"","ping_status":"","sticky":false,"template":"","format":"standard","meta":{"footnotes":"","_share_on_mastodon":"0"},"categories":[5],"tags":[22,23,26,27,17,21,24,25,28,29,15,16,18,34,31,33,32,30,19,20],"class_list":["post-363857","post","type-post","status-publish","format-standard","has-post-thumbnail","category-rubriker","tag-breaking-news","tag-breakingnews","tag-featured-news","tag-featurednews","tag-headlines","tag-huvudnyheter","tag-latest-news","tag-latestnews","tag-main-news","tag-mainnews","tag-news","tag-nyheter","tag-rubriker","tag-se","tag-svenska","tag-sverige","tag-sweden","tag-swedish","tag-top-stories","tag-topstories"],"share_on_mastodon":{"url":"https:\/\/pubeurope.com\/@se\/117205370329358246","error":""},"_links":{"self":[{"href":"https:\/\/www.europesays.com\/se\/wp-json\/wp\/v2\/posts\/363857","targetHints":{"allow":["GET"]}}],"collection":[{"href":"https:\/\/www.europesays.com\/se\/wp-json\/wp\/v2\/posts"}],"about":[{"href":"https:\/\/www.europesays.com\/se\/wp-json\/wp\/v2\/types\/post"}],"author":[{"embeddable":true,"href":"https:\/\/www.europesays.com\/se\/wp-json\/wp\/v2\/users\/2"}],"replies":[{"embeddable":true,"href":"https:\/\/www.europesays.com\/se\/wp-json\/wp\/v2\/comments?post=363857"}],"version-history":[{"count":0,"href":"https:\/\/www.europesays.com\/se\/wp-json\/wp\/v2\/posts\/363857\/revisions"}],"wp:featuredmedia":[{"embeddable":true,"href":"https:\/\/www.europesays.com\/se\/wp-json\/wp\/v2\/media\/363858"}],"wp:attachment":[{"href":"https:\/\/www.europesays.com\/se\/wp-json\/wp\/v2\/media?parent=363857"}],"wp:term":[{"taxonomy":"category","embeddable":true,"href":"https:\/\/www.europesays.com\/se\/wp-json\/wp\/v2\/categories?post=363857"},{"taxonomy":"post_tag","embeddable":true,"href":"https:\/\/www.europesays.com\/se\/wp-json\/wp\/v2\/tags?post=363857"}],"curies":[{"name":"wp","href":"https:\/\/api.w.org\/{rel}","templated":true}]}}