{"id":363865,"date":"2026-09-03T05:13:15","date_gmt":"2026-09-03T05:13:15","guid":{"rendered":"https:\/\/www.europesays.com\/se\/363865\/"},"modified":"2026-09-03T05:13:15","modified_gmt":"2026-09-03T05:13:15","slug":"ingen-ung-ska-behova-vara-projektledare-for-sitt-eget-maende-nya-wermlands-tidningen","status":"publish","type":"post","link":"https:\/\/www.europesays.com\/se\/363865\/","title":{"rendered":"Ingen ung ska beh\u00f6va vara projektledare f\u00f6r sitt eget m\u00e5ende \u2013 Nya Wermlands-Tidningen"},"content":{"rendered":"<p>Den psykiska oh\u00e4lsan bland unga \u00e4r en av v\u00e5r tids st\u00f6rsta samh\u00e4llsutmaningar. 71 procent av tjejer mellan 16 och 24 \u00e5r uppger att de besv\u00e4ras av oro och \u00e4ngslan. Bakom siffrorna finns unga m\u00e4nniskor som k\u00e4mpar med stress, \u00e5ngest och k\u00e4nslan av att inte r\u00e4cka till.<\/p>\n<p>Samtidigt \u00e4r v\u00e4gen till hj\u00e4lp ofta on\u00f6digt kr\u00e5nglig. N\u00e4r ett barn m\u00e5r d\u00e5ligt kan st\u00f6det vara uppdelat mellan skolan, v\u00e5rdcentralen, BUP och socialtj\u00e4nsten. F\u00f6r\u00e4ldrar f\u00f6rv\u00e4ntas h\u00e5lla ihop kontakterna, jaga tider och f\u00f6rst\u00e5 vart de ska v\u00e4nda sig h\u00e4rn\u00e4st. Den som m\u00e5r d\u00e5ligt f\u00e5r i praktiken bli projektledare f\u00f6r sitt eget m\u00e5ende.<\/p>\n<p><strong>Det \u00e4r inte rimligt<\/strong>. N\u00e4r samh\u00e4llets st\u00f6d \u00e4r uppdelat ska det inte vara barnet eller f\u00f6r\u00e4ldern som beh\u00f6ver h\u00e5lla ihop det. Centerkvinnorna i V\u00e4rmland vill se en elevh\u00e4lsa och v\u00e5rd som fungerar fr\u00e5n f\u00f6rsta kontakten:<\/p>\n<p>En v\u00e4g in. Skolan, v\u00e5rden, BUP och socialtj\u00e4nsten m\u00e5ste samarbeta b\u00e4ttre. Familjer ska inte beh\u00f6va bollas runt mellan olika verksamheter. Hj\u00e4lpen ska samlas runt barnet, inte tv\u00e4rtom.<\/p>\n<p>En elevh\u00e4lsa att lita p\u00e5. Vi vill st\u00e4rka elevh\u00e4lsan med fler skolsk\u00f6terskor, kuratorer och psykologer och s\u00e4kerst\u00e4lla att elever f\u00e5r hj\u00e4lp n\u00e4r de beh\u00f6ver den. Vi vill ocks\u00e5 att psykisk h\u00e4lsa f\u00f6ljs upp regelbundet inom elevh\u00e4lsans h\u00e4lsokontroller, s\u00e5 att problem kan uppt\u00e4ckas innan de v\u00e4xer sig stora.<\/p>\n<p>Ingen ska falla mellan BUP och vuxenv\u00e5rden. Att fylla 18 ska inte inneb\u00e4ra att en ung person pl\u00f6tsligt tappar sin v\u00e5rdkontakt eller beh\u00f6ver b\u00f6rja om fr\u00e5n b\u00f6rjan. Vi vill st\u00e4rka \u00f6verg\u00e5ngen mellan barn- och vuxenpsykiatrin och skapa b\u00e4ttre kontinuitet f\u00f6r unga.<\/p>\n<p>Uppt\u00e4ck NPF tidigare. Flickor med neuropsykiatriska funktionsneds\u00e4ttningar f\u00e5r ofta st\u00f6d senare \u00e4n de beh\u00f6ver. Elevh\u00e4lsan beh\u00f6ver b\u00e4ttre kunskap f\u00f6r att kunna uppt\u00e4cka signaler och se till att r\u00e4tt st\u00f6d s\u00e4tts in tidigt.<\/p>\n<p><strong>Psykisk h\u00e4lsa \u00e4r en<\/strong> frihetsfr\u00e5ga. Den som m\u00e5r d\u00e5ligt ska kunna f\u00e5 hj\u00e4lp utan att f\u00f6rst beh\u00f6va f\u00f6rst\u00e5 ett komplicerat v\u00e4lf\u00e4rdssystem.<\/p>\n<p>Ingen ung ska beh\u00f6va k\u00e4mpa sig igenom skolan, v\u00e5rden och myndigheterna f\u00f6r att f\u00e5 hj\u00e4lp.<\/p>\n<p>Sverige kan mer. V\u00e4rmland kan mer.<\/p>\n<p><strong>Sophie Janulf<\/strong><\/p>\n<p><strong>Eva Frykenberger<\/strong><\/p>\n<p><strong>Karolin G\u00e4rdsvik Wilhelmsson<\/strong><\/p>\n<p><strong>Louise Pettersson<\/strong><\/p>\n<p><strong>Marie H\u00f6gkvist<\/strong><\/p>\n<p><strong>Maria Svedinger Andersson<\/strong><\/p>\n<p><strong>Erika Eriksson<\/strong><\/p>\n<p>Centerkvinnorna i V\u00e4rmland<\/p>\n<p><strong>Mari-Louise Wernersson<\/strong><\/p>\n<p>F\u00f6rbundsordf\u00f6rande<\/p>\n","protected":false},"excerpt":{"rendered":"Den psykiska oh\u00e4lsan bland unga \u00e4r en av v\u00e5r tids st\u00f6rsta samh\u00e4llsutmaningar. 71 procent av tjejer mellan 16&hellip;\n","protected":false},"author":2,"featured_media":363866,"comment_status":"","ping_status":"","sticky":false,"template":"","format":"standard","meta":{"footnotes":"","_share_on_mastodon":"0"},"categories":[12],"tags":[22,23,26,27,17,21,24,25,28,29,15,16,18,34,31,33,32,30,19,20],"class_list":["post-363865","post","type-post","status-publish","format-standard","has-post-thumbnail","category-sverige","tag-breaking-news","tag-breakingnews","tag-featured-news","tag-featurednews","tag-headlines","tag-huvudnyheter","tag-latest-news","tag-latestnews","tag-main-news","tag-mainnews","tag-news","tag-nyheter","tag-rubriker","tag-se","tag-svenska","tag-sverige","tag-sweden","tag-swedish","tag-top-stories","tag-topstories"],"share_on_mastodon":{"url":"https:\/\/pubeurope.com\/@se\/117205402000006491","error":""},"_links":{"self":[{"href":"https:\/\/www.europesays.com\/se\/wp-json\/wp\/v2\/posts\/363865","targetHints":{"allow":["GET"]}}],"collection":[{"href":"https:\/\/www.europesays.com\/se\/wp-json\/wp\/v2\/posts"}],"about":[{"href":"https:\/\/www.europesays.com\/se\/wp-json\/wp\/v2\/types\/post"}],"author":[{"embeddable":true,"href":"https:\/\/www.europesays.com\/se\/wp-json\/wp\/v2\/users\/2"}],"replies":[{"embeddable":true,"href":"https:\/\/www.europesays.com\/se\/wp-json\/wp\/v2\/comments?post=363865"}],"version-history":[{"count":0,"href":"https:\/\/www.europesays.com\/se\/wp-json\/wp\/v2\/posts\/363865\/revisions"}],"wp:featuredmedia":[{"embeddable":true,"href":"https:\/\/www.europesays.com\/se\/wp-json\/wp\/v2\/media\/363866"}],"wp:attachment":[{"href":"https:\/\/www.europesays.com\/se\/wp-json\/wp\/v2\/media?parent=363865"}],"wp:term":[{"taxonomy":"category","embeddable":true,"href":"https:\/\/www.europesays.com\/se\/wp-json\/wp\/v2\/categories?post=363865"},{"taxonomy":"post_tag","embeddable":true,"href":"https:\/\/www.europesays.com\/se\/wp-json\/wp\/v2\/tags?post=363865"}],"curies":[{"name":"wp","href":"https:\/\/api.w.org\/{rel}","templated":true}]}}