{"id":363867,"date":"2026-09-03T05:14:28","date_gmt":"2026-09-03T05:14:28","guid":{"rendered":"https:\/\/www.europesays.com\/se\/363867\/"},"modified":"2026-09-03T05:14:28","modified_gmt":"2026-09-03T05:14:28","slug":"ensamstaende-magdalena-20-timmars-forskola-betyder-mycket","status":"publish","type":"post","link":"https:\/\/www.europesays.com\/se\/363867\/","title":{"rendered":"Ensamst\u00e5ende Magdalena: \u201d20 timmars f\u00f6rskola betyder mycket\u201d"},"content":{"rendered":"<p><strong>Centerpartiet:<\/strong> Vi drev igenom 20 timmar i f\u00f6rskolan inf\u00f6r f\u00f6rra l\u00e4s\u00e5rsstarten, och \u00e4r definitivt f\u00f6r att \u00f6ka tiden ytterligare till 30 timmar.\u00a0<\/p>\n<p><strong>Framtid \u00d6land:<\/strong> Vi anser inte att Borgholms kommun ska ut\u00f6ka tiden. Med de begr\u00e4nsade resurser vi har beh\u00f6ver vi i f\u00f6rsta hand prioritera insatser som g\u00f6r att fler elever klarar kunskapsm\u00e5len i skolan.<\/p>\n<p><strong>Kristdemokraterna:<\/strong> Vi \u00e4r negativa till en ut\u00f6kning. Vi anser att kommunens resurser i f\u00f6rsta hand ska g\u00e5 till de barn och elever som har st\u00f6rst behov av st\u00f6d. Vi vill d\u00e4rf\u00f6r prioritera en starkare elevh\u00e4lsa och mer resurser till elever som har det sv\u00e5rt i skolan. <\/p>\n<p><strong>Moderaterna:<\/strong> Vi vill f\u00f6rst utreda hur behovet ser ut lokalt. V\u00e5ra skattepengar ska anv\u00e4ndas d\u00e4r de g\u00f6r mest nytta. <\/p>\n<p><strong>Socialdemokraterna:<\/strong> Vi \u00e4r positiva till att ut\u00f6ka tiden ytterligare, till 30 timmar i veckan. Det har redan genomf\u00f6rts i flera andra kommuner i landet. <\/p>\n<p><strong>Sverigedemokraterna:<\/strong> Vi anser att f\u00f6rskolans resurser i f\u00f6rsta hand ska anv\u00e4ndas d\u00e4r behovet \u00e4r st\u00f6rst. En generell ut\u00f6kning riskerar att \u00f6ka b\u00e5de kostnader och belastning p\u00e5 verksamheten. <\/p>\n<p><strong>V\u00e4nsterpartiet:<\/strong> Vi skulle g\u00e4rna se 30 timmars f\u00f6rskola \u00e5t alla. Det \u00e4r mycket arbete att vara arbetsl\u00f6s och sjukskriven nuf\u00f6rtiden efter nedrustning nationellt av arbetsf\u00f6rmedlingen och F\u00f6rs\u00e4kringskassan.\u00a0<\/p>\n","protected":false},"excerpt":{"rendered":"Centerpartiet: Vi drev igenom 20 timmar i f\u00f6rskolan inf\u00f6r f\u00f6rra l\u00e4s\u00e5rsstarten, och \u00e4r definitivt f\u00f6r att \u00f6ka tiden&hellip;\n","protected":false},"author":2,"featured_media":363868,"comment_status":"","ping_status":"","sticky":false,"template":"","format":"standard","meta":{"footnotes":"","_share_on_mastodon":"0"},"categories":[5],"tags":[22,23,26,27,17,21,24,25,28,29,15,16,18,34,31,33,32,30,19,20],"class_list":["post-363867","post","type-post","status-publish","format-standard","has-post-thumbnail","category-rubriker","tag-breaking-news","tag-breakingnews","tag-featured-news","tag-featurednews","tag-headlines","tag-huvudnyheter","tag-latest-news","tag-latestnews","tag-main-news","tag-mainnews","tag-news","tag-nyheter","tag-rubriker","tag-se","tag-svenska","tag-sverige","tag-sweden","tag-swedish","tag-top-stories","tag-topstories"],"share_on_mastodon":{"url":"https:\/\/pubeurope.com\/@se\/117205405930698178","error":""},"_links":{"self":[{"href":"https:\/\/www.europesays.com\/se\/wp-json\/wp\/v2\/posts\/363867","targetHints":{"allow":["GET"]}}],"collection":[{"href":"https:\/\/www.europesays.com\/se\/wp-json\/wp\/v2\/posts"}],"about":[{"href":"https:\/\/www.europesays.com\/se\/wp-json\/wp\/v2\/types\/post"}],"author":[{"embeddable":true,"href":"https:\/\/www.europesays.com\/se\/wp-json\/wp\/v2\/users\/2"}],"replies":[{"embeddable":true,"href":"https:\/\/www.europesays.com\/se\/wp-json\/wp\/v2\/comments?post=363867"}],"version-history":[{"count":0,"href":"https:\/\/www.europesays.com\/se\/wp-json\/wp\/v2\/posts\/363867\/revisions"}],"wp:featuredmedia":[{"embeddable":true,"href":"https:\/\/www.europesays.com\/se\/wp-json\/wp\/v2\/media\/363868"}],"wp:attachment":[{"href":"https:\/\/www.europesays.com\/se\/wp-json\/wp\/v2\/media?parent=363867"}],"wp:term":[{"taxonomy":"category","embeddable":true,"href":"https:\/\/www.europesays.com\/se\/wp-json\/wp\/v2\/categories?post=363867"},{"taxonomy":"post_tag","embeddable":true,"href":"https:\/\/www.europesays.com\/se\/wp-json\/wp\/v2\/tags?post=363867"}],"curies":[{"name":"wp","href":"https:\/\/api.w.org\/{rel}","templated":true}]}}