{"id":363875,"date":"2026-09-03T05:21:27","date_gmt":"2026-09-03T05:21:27","guid":{"rendered":"https:\/\/www.europesays.com\/se\/363875\/"},"modified":"2026-09-03T05:21:27","modified_gmt":"2026-09-03T05:21:27","slug":"strommer-m-30-000-kronor-om-aret-till-fjallraddarna","status":"publish","type":"post","link":"https:\/\/www.europesays.com\/se\/363875\/","title":{"rendered":"Str\u00f6mmer (M): 30 000 kronor om \u00e5ret till fj\u00e4llr\u00e4ddarna"},"content":{"rendered":"<p>\n        Gunnar Str\u00f6mmer bes\u00f6kte tidigare i \u00e5r Bydalen och h\u00f6rde mer om fj\u00e4llr\u00e4ddarnas arbete. Detta har nu utmynnat i ett f\u00f6rslag om b\u00e4ttre ers\u00e4ttning. Foto: Sonja Bj\u00f6rklund.<\/p>\n<p class=\"subtitle t19\" style=\"\">L\u00c4NET (JT) N\u00e4r justitieminister Gunnar Str\u00f6mmer bes\u00f6kte Bydalen fick han h\u00f6ra direkt fr\u00e5n fj\u00e4llr\u00e4ddarna om kostnaderna och utmaningarna med det ideella uppdraget. Nu kommer Moderaterna med ett f\u00f6rslag om 30 000 kronor i \u00e5rligt st\u00f6d till varje fj\u00e4llr\u00e4ddare.<\/p>\n<p>Justitieminister Gunnar Str\u00f6mmer och Moderaterna kom under onsdagen med ett f\u00f6rslag att fj\u00e4llr\u00e4ddare ska f\u00e5 ekonomiskt st\u00f6d f\u00f6r del av de kostnader som h\u00f6r samman med uppdraget, till exempel f\u00f6r arbetsskoter och fyrhjuling, som i dag bekostas av fj\u00e4llr\u00e4ddaren sj\u00e4lv.<\/p>\n","protected":false},"excerpt":{"rendered":"Gunnar Str\u00f6mmer bes\u00f6kte tidigare i \u00e5r Bydalen och h\u00f6rde mer om fj\u00e4llr\u00e4ddarnas arbete. Detta har nu utmynnat i&hellip;\n","protected":false},"author":2,"featured_media":363876,"comment_status":"","ping_status":"","sticky":false,"template":"","format":"standard","meta":{"footnotes":"","_share_on_mastodon":"0"},"categories":[12],"tags":[22,23,26,27,17,21,24,25,28,29,15,16,18,34,31,33,32,30,19,20],"class_list":["post-363875","post","type-post","status-publish","format-standard","has-post-thumbnail","category-sverige","tag-breaking-news","tag-breakingnews","tag-featured-news","tag-featurednews","tag-headlines","tag-huvudnyheter","tag-latest-news","tag-latestnews","tag-main-news","tag-mainnews","tag-news","tag-nyheter","tag-rubriker","tag-se","tag-svenska","tag-sverige","tag-sweden","tag-swedish","tag-top-stories","tag-topstories"],"share_on_mastodon":{"url":"https:\/\/pubeurope.com\/@se\/117205433487361221","error":""},"_links":{"self":[{"href":"https:\/\/www.europesays.com\/se\/wp-json\/wp\/v2\/posts\/363875","targetHints":{"allow":["GET"]}}],"collection":[{"href":"https:\/\/www.europesays.com\/se\/wp-json\/wp\/v2\/posts"}],"about":[{"href":"https:\/\/www.europesays.com\/se\/wp-json\/wp\/v2\/types\/post"}],"author":[{"embeddable":true,"href":"https:\/\/www.europesays.com\/se\/wp-json\/wp\/v2\/users\/2"}],"replies":[{"embeddable":true,"href":"https:\/\/www.europesays.com\/se\/wp-json\/wp\/v2\/comments?post=363875"}],"version-history":[{"count":0,"href":"https:\/\/www.europesays.com\/se\/wp-json\/wp\/v2\/posts\/363875\/revisions"}],"wp:featuredmedia":[{"embeddable":true,"href":"https:\/\/www.europesays.com\/se\/wp-json\/wp\/v2\/media\/363876"}],"wp:attachment":[{"href":"https:\/\/www.europesays.com\/se\/wp-json\/wp\/v2\/media?parent=363875"}],"wp:term":[{"taxonomy":"category","embeddable":true,"href":"https:\/\/www.europesays.com\/se\/wp-json\/wp\/v2\/categories?post=363875"},{"taxonomy":"post_tag","embeddable":true,"href":"https:\/\/www.europesays.com\/se\/wp-json\/wp\/v2\/tags?post=363875"}],"curies":[{"name":"wp","href":"https:\/\/api.w.org\/{rel}","templated":true}]}}