{"id":363877,"date":"2026-09-03T05:22:30","date_gmt":"2026-09-03T05:22:30","guid":{"rendered":"https:\/\/www.europesays.com\/se\/363877\/"},"modified":"2026-09-03T05:22:30","modified_gmt":"2026-09-03T05:22:30","slug":"manga-ar-innan-lupinerna-ar-besegrade-jarnvagar-nu","status":"publish","type":"post","link":"https:\/\/www.europesays.com\/se\/363877\/","title":{"rendered":"M\u00e5nga \u00e5r innan lupinerna \u00e4r besegrade \u2013 J\u00e4rnv\u00e4gar.nu"},"content":{"rendered":"<p style=\"font-weight: 400;\">Lupin, parkslide, j\u00e4tteslide, j\u00e4ttebalsamin och kanadensiskt gullris utbreder sig i exponentiell takt l\u00e4ngs v\u00e4gar och j\u00e4rnv\u00e4gar. Parkslide finns nu l\u00e4ngs kusten upp till Ume\u00e5 och lupin har p\u00e5 kort tid etablerat sig i hela landet och finns idag i cirka h\u00e4lften av alla artrika v\u00e4gkanter.\u00a0<\/p>\n<p>J\u00e4ttebj\u00f6rnlokan n\u00e4stan utrotad<\/p>\n<p style=\"font-weight: 400;\">J\u00e4ttebj\u00f6rnlokan som tidigare hade betydande spridning anses inte l\u00e4ngre ha n\u00e5gon n\u00e4mnv\u00e4rd spridning l\u00e4ngs landets j\u00e4rnv\u00e4gar.<\/p>\n<p style=\"font-weight: 400;\">D\u00e4remot har problemen med parkslide blivit st\u00f6rre och \u00e4r s\u00e4rskilt m\u00e4rkbart l\u00e4ngs flera av landets j\u00e4rnv\u00e4gar.<\/p>\n<p style=\"font-weight: 400;\">\u201dParkslide \u00e4r oerh\u00f6rt sv\u00e5r att bek\u00e4mpa\u201d, s\u00e4ger Johan Rydl\u00f6v.<\/p>\n<p style=\"font-weight: 400;\">\u201dMan m\u00e5ste f\u00e5 ner ganska h\u00f6g v\u00e4rme i marken d\u00e4r parksliden v\u00e4xer och vi har testat flera olika metoder f\u00f6r detta.\u201d<\/p>\n<p>Tids\u00f6dande jobb som kr\u00e4ver avst\u00e4ngd t\u00e5gtrafik<\/p>\n<p style=\"font-weight: 400;\">\u201dNu finns ett antal leverant\u00f6rer av v\u00e4rmebehandlingar men detta \u00e4r ett tids\u00f6dande jobb och det kr\u00e4ver gener\u00f6sa tider i sp\u00e5r med avst\u00e4ngd t\u00e5gtrafik.\u201d<\/p>\n<p style=\"font-weight: 400;\">Lupin \u00e4r, enligt Johan Rydl\u00f6v, enklare och sv\u00e5rare att bek\u00e4mpa. Lupinen har spridits fr\u00e5n tr\u00e4dg\u00e5rdar, d\u00e4r de tidigare odlades, till v\u00e4grenar och j\u00e4rnv\u00e4gssp\u00e5r och d\u00e4r successivt spridit sig l\u00e4ngs oerh\u00f6rt l\u00e5nga str\u00e4ckor.<\/p>\n<p style=\"font-weight: 400;\">\u201dDen mest effektiva metoden \u00e4r att sl\u00e5 lupinerna under blomning, f\u00f6re fr\u00f6s\u00e4ttningen\u201d, s\u00e4ger Johan Rydl\u00f6v.<\/p>\n<p>Tre veckor f\u00f6r att sl\u00e5 lupinerna<\/p>\n<p style=\"font-weight: 400;\">G\u00f6r man ingenting sprider sig lupinerna med fr\u00f6na. Sl\u00e5r man lupinerna under fr\u00f6s\u00e4ttningen sprids de l\u00e4ngs l\u00e5nga str\u00e4ckor.<\/p>\n<p style=\"font-weight: 400;\">\u201dVi har tre veckor p\u00e5 att sl\u00e5 lupinerna\u201d, s\u00e4ger Johan Rydl\u00f6v.<\/p>\n<p style=\"font-weight: 400;\">\u201dSl\u00e5r vi f\u00f6rsent f\u00f6rv\u00e4rrar vi situationen.\u201d<\/p>\n<p style=\"font-weight: 400;\">\u201dDet \u00e4r f\u00f6rst\u00e5s om\u00f6jligt att genomf\u00f6ra sl\u00e5ttern l\u00e4ngs hundratals kilometer v\u00e4g och tusentals kilometer j\u00e4rnv\u00e4g i hela Sverige under tre veckor s\u00e5 vi m\u00e5ste prioritera de mest drabbade omr\u00e5dena.\u201d<\/p>\n<p>Lupiner gynnas av maskiner vid sp\u00e5ren<\/p>\n<p style=\"font-weight: 400;\">\u201dDet \u00e4r det naturligtvis sv\u00e5rt att f\u00e5 tider i sp\u00e5ren under just dessa veckor som infaller lite olika fr\u00e5n \u00e5r till \u00e5r beroende p\u00e5 v\u00e4der och vind.\u201d<\/p>\n<p style=\"font-weight: 400;\">Dessutom gynnas lupiner av aktiviteter vid sp\u00e5ren. Maskiner som k\u00f6r genom lupinbest\u00e5nden och krossar fr\u00f6skalen bidrar till spridningen av v\u00e4xterna.<\/p>\n<p style=\"font-weight: 400;\">\u00c4ven det kanadensiska gullriset som sprider sig l\u00e4ngs de svenska j\u00e4rnv\u00e4garna bek\u00e4mpas b\u00e4st med upprepad sl\u00e5tter under blomningen.<\/p>\n<p>Nio landlevande invasiva v\u00e4xter<\/p>\n<p style=\"font-weight: 400;\">Den nationella f\u00f6rteckningen omfattar 34 invasiva fr\u00e4mmande arter varav nio landlevande och 25 vattenlevande.<\/p>\n<p style=\"font-weight: 400;\"><strong>Landlevande arter:<\/strong><\/p>\n<ul>\n<li>Blomsterlupin<\/li>\n<li>Sandlupin<\/li>\n<li>Vresros<\/li>\n<li>Kaukasiskt fetblad<\/li>\n<li>Sibiriskt fetblad<\/li>\n<li>Strandkotula<\/li>\n<li>Sp\u00e4rroxb\u00e4r<\/li>\n<li>Kanadensiskt gullris<\/li>\n<li>H\u00f6stgullris<\/li>\n<\/ul>\n","protected":false},"excerpt":{"rendered":"Lupin, parkslide, j\u00e4tteslide, j\u00e4ttebalsamin och kanadensiskt gullris utbreder sig i exponentiell takt l\u00e4ngs v\u00e4gar och j\u00e4rnv\u00e4gar. Parkslide finns&hellip;\n","protected":false},"author":2,"featured_media":363878,"comment_status":"","ping_status":"","sticky":false,"template":"","format":"standard","meta":{"footnotes":"","_share_on_mastodon":"0"},"categories":[5],"tags":[22,23,26,27,17,21,367,24,25,28,29,15,16,18,34,31,33,32,30,19,20],"class_list":["post-363877","post","type-post","status-publish","format-standard","has-post-thumbnail","category-rubriker","tag-breaking-news","tag-breakingnews","tag-featured-news","tag-featurednews","tag-headlines","tag-huvudnyheter","tag-infrastruktur","tag-latest-news","tag-latestnews","tag-main-news","tag-mainnews","tag-news","tag-nyheter","tag-rubriker","tag-se","tag-svenska","tag-sverige","tag-sweden","tag-swedish","tag-top-stories","tag-topstories"],"share_on_mastodon":{"url":"https:\/\/pubeurope.com\/@se\/117205437438762551","error":""},"_links":{"self":[{"href":"https:\/\/www.europesays.com\/se\/wp-json\/wp\/v2\/posts\/363877","targetHints":{"allow":["GET"]}}],"collection":[{"href":"https:\/\/www.europesays.com\/se\/wp-json\/wp\/v2\/posts"}],"about":[{"href":"https:\/\/www.europesays.com\/se\/wp-json\/wp\/v2\/types\/post"}],"author":[{"embeddable":true,"href":"https:\/\/www.europesays.com\/se\/wp-json\/wp\/v2\/users\/2"}],"replies":[{"embeddable":true,"href":"https:\/\/www.europesays.com\/se\/wp-json\/wp\/v2\/comments?post=363877"}],"version-history":[{"count":0,"href":"https:\/\/www.europesays.com\/se\/wp-json\/wp\/v2\/posts\/363877\/revisions"}],"wp:featuredmedia":[{"embeddable":true,"href":"https:\/\/www.europesays.com\/se\/wp-json\/wp\/v2\/media\/363878"}],"wp:attachment":[{"href":"https:\/\/www.europesays.com\/se\/wp-json\/wp\/v2\/media?parent=363877"}],"wp:term":[{"taxonomy":"category","embeddable":true,"href":"https:\/\/www.europesays.com\/se\/wp-json\/wp\/v2\/categories?post=363877"},{"taxonomy":"post_tag","embeddable":true,"href":"https:\/\/www.europesays.com\/se\/wp-json\/wp\/v2\/tags?post=363877"}],"curies":[{"name":"wp","href":"https:\/\/api.w.org\/{rel}","templated":true}]}}