{"id":363885,"date":"2026-09-03T05:28:28","date_gmt":"2026-09-03T05:28:28","guid":{"rendered":"https:\/\/www.europesays.com\/se\/363885\/"},"modified":"2026-09-03T05:28:28","modified_gmt":"2026-09-03T05:28:28","slug":"hvb-boenden-fick-kritik-av-ivo-s-politikern-plockade-ut-vinst","status":"publish","type":"post","link":"https:\/\/www.europesays.com\/se\/363885\/","title":{"rendered":"HVB-boenden fick kritik av IVO \u2013 S-politikern plockade ut vinst"},"content":{"rendered":"<p><a href=\"https:\/\/infogram.com\/1plxwenqz6pqk1bqmjp5v0755wizw6xk551\" data-provider=\"infogram\" class=\"js-social-embed\" rel=\"nofollow noopener\" target=\"_blank\">https:\/\/infogram.com\/1plxwenqz6pqk1bqmjp5v0755wizw6xk551<\/a><\/p>\n<p>Inom Socialdemokraterna finns det exempel d\u00e4r partif\u00f6retr\u00e4dare historiskt tvingats v\u00e4lja mellan att ha kvar sina uppdrag eller driva aktiebolag inom v\u00e4lf\u00e4rden.<\/p>\n<p>I <a href=\"https:\/\/www.expressen.se\/gt\/s-politiker-tvingas-sluta-ska-starta-friskola\/\" rel=\"nofollow noopener\" target=\"_blank\">februari 2020<\/a> st\u00e4lldes den socialdemokratiske kommunpolitikern och skolledaren i G\u00f6teborg, Patrick Gladh, inf\u00f6r just ett s\u00e5dant ultimatum.<\/p>\n<p>\u2013\u00a0Patrick Gladh har beslutat sig f\u00f6r att starta en vinstdriven friskola i aktiebolagsform. Det \u00e4r bakgrunden, sa Socialdemokraternas gruppledare Jonas Attenius till Expressen.<\/p>\n<p>\u2013 Man kan driva det h\u00e4r i stiftelseformer eller andra organisationsformer, men h\u00e4r \u00e4r det ren traditionell aktiebolagsform. N\u00e4r jag s\u00e4ger att jag s\u00e4tter v\u00e4lf\u00e4rden f\u00f6rst menar jag verkligen det. Och det g\u00e5r f\u00f6re vinstjakt och d\u00e5 blir det of\u00f6renligt med att driva en vinstdriven skola i aktiebolagsform.<\/p>\n<p>Patrick Gladh valde att l\u00e4mna sina uppdrag och driver i dag fyra f\u00f6rskolor, tv\u00e5 grundskolor och tv\u00e5 gymnasier via sitt aktiebolag \u2013 men utan att ha tagit ut n\u00e5gon vinst p\u00e5 sex \u00e5r.<\/p>\n<p>\u2013\u00a0Vi har inte tagit ut ett r\u00f6tt \u00f6re i utdelning och det finns verkligen inga planer att g\u00f6ra s\u00e5 fram\u00f6ver heller. S\u00e5 det \u00e4r en h\u00f6gst akademisk fr\u00e5ga f\u00f6r oss, s\u00e4ger Patrick Gladh i dag.<\/p>\n<p><img loading=\"lazy\"   alt=\"\"\/><\/p>\n<p>Patrick Gladh.<\/p>\n<p>Foto: CSABA BENE PERLENBERG<\/p>\n<p>\u00d6ppna bild i helsk\u00e4rm<\/p>\n<p>Expressens granskning av Socialdemokraterna, V\u00e4nsterpartiet och Milj\u00f6partiets kandidater i \u00e5rets val visar att 229 av dem driver aktiebolag inom v\u00e4lf\u00e4rdssektorn: inom skola, v\u00e5rd och omsorg.\u00a0<\/p>\n<p>129 av dessa drivs av socialdemokrater.<\/p>\n<p>Och i motsats till Patrick Gladh har m\u00e5nga av dessa tagit ut vinst ur verksamheten. Ibland liten, ibland st\u00f6rre.\u00a0<\/p>\n<p>Samtidigt som de kandiderar f\u00f6r partiet.<\/p>\n<p>S, V och MP om vinster i v\u00e4lf\u00e4rden<\/p>\n<p>Socialdemokraterna g\u00e5r till val p\u00e5 ett stopp f\u00f6r vinster i skolan och vad man beskriver som \u201dvinstjakten\u201d i \u00f6vrig v\u00e4lf\u00e4rd. P\u00e5 partiets senaste kongress f\u00f6rra \u00e5ret, slogs riktlinjen fast:<\/p>\n<p>\u201dGemensamma skattepengar ska g\u00e5 till utbildning, v\u00e5rd och omsorg, inte delas ut till privata \u00e4gare\u201d.<\/p>\n<p>En motsvarande formulering har Milj\u00f6partiet i sitt handlingsprogram inf\u00f6r 2026, samtidigt som partiet st\u00f6der S i fr\u00e5gan om totalstopp f\u00f6r vinstuttag ur skola och f\u00f6rskola: \u201dSkattepengar avsedda f\u00f6r v\u00e5rd och omsorg ska g\u00e5 till verksamheten, inte tas ut som vinst till aktie\u00e4gare\u201d.<\/p>\n<p>H\u00e5rdast g\u00e5r V\u00e4nsterpartiet fram. Partiet vill helt \u201davskaffa m\u00f6jligheten att ta ut vinst ur v\u00e4lf\u00e4rdens verksamheter\u201d.<\/p>\n<p>Visa merDe tar ut vinster trots partikraven<a href=\"https:\/\/infogram.com\/1pj6qj917y91pnf675v2l9ywmxtmp695e06\" data-provider=\"infogram\" class=\"js-social-embed\" rel=\"nofollow noopener\" target=\"_blank\">https:\/\/infogram.com\/1pj6qj917y91pnf675v2l9ywmxtmp695e06<\/a><\/p>\n<p>Fr\u00e5gan om vinsterna i relation till partiets linje om att \u201dgemensamma skattepengar ska g\u00e5 till utbildning, v\u00e5rd och omsorg, inte delas ut till privata \u00e4gare\u201d \u00e4r k\u00e4nslig.<\/p>\n<p>Andreas Johansson \u00e4r vd i C Omsorg AB, som driver tv\u00e5 HVB-hem i Kils kommun under namnet Creare Omsorg. Tv\u00e5 \u00e5r i rad har de tilldelats utm\u00e4rkelsen Branschvinnare, f\u00f6r att de i sin bransch \u201dHVB-hem f\u00f6r barn och unga med sociala problem\u201d visat prov p\u00e5 starkt entrepren\u00f6rskap och \u201d\u00f6vertr\u00e4ffat den egna branschens utveckling i s\u00e5v\u00e4l oms\u00e4ttning som resultat\u201d.<\/p>\n<p>F\u00f6rra \u00e5ret beslutade Creare Omsorg om en aktieutdelning till \u00e4garna p\u00e5 totalt 295\u00a0000 kronor, samtidigt utredde och kritiserade senare IVO bolaget f\u00f6r bemanningsbrister p\u00e5 boendena. Personalen saknade den utbildning och kompetens som kr\u00e4vs enligt tillst\u00e5ndet.<\/p>\n<p>\u2013\u00a0Det \u00e4r v\u00e5ra l\u00f6ner liksom. Vi tar ju ut v\u00e4ldigt lite i l\u00f6n f\u00f6r \u00f6vrigt. Utdelningen blir ju en form av l\u00f6n f\u00f6r v\u00e5rt arbete, f\u00f6r mig och min kompanjon, vi \u00e4ger bolaget 50 procent var, s\u00e4ger Andreas Johansson.\u00a0<\/p>\n<p><img loading=\"lazy\"   alt=\"\"\/><\/p>\n<p>\u201dVi m\u00e5ste f\u00e5 lite utdelning f\u00f6r det h\u00e4r slitet\u201d, s\u00e4ger Andreas Johansson, S, vd Creare Omsorg.<\/p>\n<p>Foto: Privat<\/p>\n<p>\u00d6ppna bild i helsk\u00e4rm<\/p>\n<p>Samma \u00e5r som bolaget tog ut aktieutdelningen taxerade Andreas Johansson en inkomst av tj\u00e4nst p\u00e5 strax \u00f6ver 1,1 miljoner kronor.<\/p>\n<p>\u2013 Vi jobbar ju dygnet runt b\u00e5de jag och min kompanjon. Vi har en l\u00f6n som \u00e4r mycket l\u00e4gre \u00e4n, j\u00e4mf\u00f6rbart med de roller vi har, i branschen.\u00a0<\/p>\n<p>Annons<\/p>\n<p><strong>1,1 miljoner taxerad \u00e5rsinkomst l\u00e5ter ju inte j\u00e4ttel\u00e5gt.\u00a0<\/strong><\/p>\n<p>\u2013 Det \u00e4r inte bara fr\u00e5n det h\u00e4r bolaget, det \u00e4r andra parter ocks\u00e5. Vi \u00e4r familjehem ocks\u00e5. Jag kan tippa p\u00e5 att det \u00e4r 800\u00a0000 kronor fr\u00e5n bolaget.\u00a0<\/p>\n<p>Verksamhetens lyxbilar<\/p>\n<p>IVO-kritiken ser han som helt skild fr\u00e5n vinstbeslutet. Han hade g\u00e4rna sett att de f\u00e5tt m\u00f6jlighet att rekrytera kompetent personal, men utbudet \u00e4r litet, menar han.\u00a0<\/p>\n<p>Intervjun g\u00f6rs p\u00e5 tredje f\u00f6rs\u00f6ket. N\u00e4r vi f\u00f6rsta g\u00e5ngen f\u00e5r tag i Andreas Johansson l\u00e4gger han p\u00e5 luren s\u00e5 fort vi presenterar oss och ber\u00e4ttar v\u00e5rt \u00e4rende. Andra g\u00e5ngen avbryter han intervjun n\u00e5gra minuter in i en fr\u00e5ga om vinstutdelningen, blockerar v\u00e5ra nummer och g\u00f6r sig on\u00e5bar.<\/p>\n<p><img loading=\"lazy\"   alt=\"\"\/><\/p>\n<p>Creare Omsorg har tv\u00e5 HVB-hem f\u00f6r barn i v\u00e4rml\u00e4ndska Kil. VD:n Andreas Johansson kandiderar f\u00f6r S i \u00e5rets val.<\/p>\n<p>Foto: HANNA BRUNL\u00d6F<\/p>\n<p>\u00d6ppna bild i helsk\u00e4rm<img loading=\"lazy\"   alt=\"\"\/><\/p>\n<p>Creare Omsorg har tv\u00e5 HVB-hem f\u00f6r barn i v\u00e4rml\u00e4ndska Kil. VD:n Andreas Johansson kandiderar f\u00f6r S i \u00e5rets val.<\/p>\n<p>Foto: HANNA BRUNL\u00d6F<\/p>\n<p>\u00d6ppna bild i helsk\u00e4rm<\/p>\n<p>F\u00f6rst efter att vi s\u00f6kt honom via Socialdemokraternas partiordf\u00f6rande i Karlstad \u00e5terkommer han.<\/p>\n<p>\u2013\u00a0Jag har haft s\u00e5 mycket att g\u00f6ra, s\u00e4ger han.<\/p>\n<p>Andreas Johansson har ett stort bilintresse, som genomsyrar hans egna sociala medier. Han har en r\u00f6d Porsche 911 Carrera som han k\u00f6pte f\u00f6rra v\u00e5ren.<\/p>\n<p>Bilintresset avspeglar sig ocks\u00e5 i Creare Omsorgs bilpark, d\u00e4r HVB-verksamheten har tv\u00e5 exklusiva Mercedes GLE AMG 53 hybrider av 2025 \u00e5rs modell leasade, med ett nybilsv\u00e4rde p\u00e5 mellan 1,1 och 1,4 miljoner.<\/p>\n<p><img loading=\"lazy\"   alt=\"\"\/><\/p>\n<p>En Mercedes GLE AMG 53 till v\u00e4nster. Till h\u00f6ger i bild \u00e4r en av bolagets tv\u00e5 miljonfordon, utanf\u00f6r kontoret i centrala Karlstad.<\/p>\n<p>Foto: ADOBE STOCK och HANNA BRUNL\u00d6F<\/p>\n<p>\u00d6ppna bild i helsk\u00e4rm<\/p>\n<p>N\u00e4r Expressen s\u00f6ker Andreas Johansson st\u00e5r den ena Mercedesen parkerad utanf\u00f6r hans hem och den andra disponeras under dagen av den andra del\u00e4garen i bolaget.<\/p>\n<p>\u2013\u00a0Alla bilar \u00e4r verksamhetsbilar som anv\u00e4nds av all personal, s\u00e4ger Andreas Johansson.<\/p>\n<p><strong>Det kan ju l\u00e5ta som v\u00e4ldigt lyxbetonat att ha tv\u00e5 bilar med ett nyink\u00f6pspris p\u00e5 \u00f6ver 1,1 miljoner i en HVB-verksamhet f\u00f6r barn?<\/strong><\/p>\n<p>\u2013 Det \u00e4r tv\u00e5 bra bilar med h\u00f6g s\u00e4kerhet f\u00f6r behandling av klienter. Det \u00e4r inga konstigheter alls. Mercedes \u00e4r ju dyra bilar. Vi ska ha s\u00e4kra och trygga bilar f\u00f6r v\u00e5ra barn och v\u00e5r personal.\u00a0<\/p>\n<p>Han ser ingen konflikt mellan den egna verksamheten och partiets riktlinje om att skattepengar till utbildning, v\u00e5rd och omsorg ska g\u00e5 tillbaka till verksamheten och inte delas ut till privata \u00e4gare.<\/p>\n<p>\u2013 Jag ser inte det som ett bekymmer. Vinstutdelningen \u00e4r v\u00e4ldigt, v\u00e4ldigt liten i f\u00f6rh\u00e5llande till det arbete och det slit som vi tv\u00e5 \u00e4gare l\u00e4gger ner. Vi har byggt upp det h\u00e4r fr\u00e5n noll, fr\u00e5n 2018 och fram\u00e5t. Alla vinster vi g\u00f6r g\u00e5r i regel tillbaka. Sen om det finns m\u00f6jlighet till lite uttag s\u00e5 g\u00f6r vi det. Vi har lagt ner v\u00e5r sj\u00e4l i det h\u00e4r, vi m\u00e5ste f\u00e5 lite utdelning f\u00f6r det h\u00e4r slitet.\u00a0<\/p>\n<p><img loading=\"lazy\"   alt=\"\"\/><\/p>\n<p>S-kandidaten Nemrud B\u00fcy\u00fckkaya har nyligen startat bolaget \u00d6resund v\u00e5rdcentral AB efter att ha bedrivit en vinstgivande l\u00e4karkonsultverksamhet.<\/p>\n<p>Foto: Privat \/ Facebook<\/p>\n<p>\u00d6ppna bild i helsk\u00e4rm<\/p>\n<p>Andreas Johanssons partikollega Nemrud B\u00fcy\u00fckkaya har de senaste fem \u00e5ren tagit ut 1,4 miljoner kronor i aktieutdelning ur sitt bolag N\u00e4ckrosh\u00e4lsan AB, som erbjuder l\u00e4kartj\u00e4nster.<\/p>\n<p>Samtidigt har han ett nybildat bolag \u00d6resund v\u00e5rdcentral AB, som ska bli en ny privat v\u00e5rdcentral.\u00a0<\/p>\n<p>Annons<\/p>\n<p>N\u00e4r vi kontaktar honom och ber\u00e4ttar om v\u00e5rt \u00e4rende, ber han att f\u00e5 \u00e5terkomma senare. Men i st\u00e4llet f\u00f6r att st\u00e4lla upp p\u00e5 en intervju om sin kandidatur och v\u00e4lf\u00e4rdsbolagen, skickar han en skriftlig kommentar d\u00e4r han st\u00e4ller sig bakom partiets inst\u00e4llning i fr\u00e5gan om vinster i v\u00e4lf\u00e4rden.<\/p>\n<blockquote><p>Det hade ju varit b\u00e4ttre om jag var st\u00e5larbetare<\/p><\/blockquote>\n<p>\u201dSkattepengar som \u00e4r avsedda f\u00f6r v\u00e5rd ska i f\u00f6rsta hand g\u00e5 till patienter, personal, kvalitet och god tillg\u00e4nglighet.\u201d<\/p>\n<p>\u201dF\u00f6r mig \u00e4r det ocks\u00e5 viktigt att skilja mellan vinst som en naturlig del av eget arbete och f\u00f6retagande, och den vinstjakt som S kritiserar n\u00e4r offentligt finansierade v\u00e4lf\u00e4rdsverksamheter riskerar att prioritera \u00e4garnas avkastning framf\u00f6r patienternas behov.\u201d<\/p>\n<p>I <a href=\"https:\/\/www.expressen.se\/tagg\/location\/partille\/\" class=\"\" rel=\"nofollow noopener\" target=\"_blank\">Partille<\/a> kandiderar Daniel Eriksson i \u00e5rets val samtidigt som han driver en privat v\u00e5rdcentral, d\u00e4r han i senaste \u00e5rsredovisningen tog ut 300 000 kronor i vinst.<\/p>\n<p>Och det har skapat diskussioner i partiet, ber\u00e4ttar han.<\/p>\n<p>\u2013 Det hade ju varit b\u00e4ttre om jag var st\u00e5larbetare, om man s\u00e4ger s\u00e5.<\/p>\n<p>Magdalena Anderssons svar<\/p>\n<p>Men hur kommer det sig d\u00e5 att en politiker som startar ett aktiebolag inom v\u00e4lf\u00e4rdssektorn st\u00e4lls inf\u00f6r ultimatum, medan andra kan kandidera till nya uppdrag trots att de inte bara har aktiebolag utan ocks\u00e5 tar ut vinst ur v\u00e4lf\u00e4rden?<\/p>\n<p><img loading=\"lazy\"   alt=\"\"\/><\/p>\n<p>\u201dVi vill ju f\u00f6r\u00e4ndra lagstiftningen\u201d, s\u00e4ger Magdalena Andersson, S, om Expressens granskning.<\/p>\n<p>Foto: HANNA BRUNL\u00d6F<\/p>\n<p>\u00d6ppna bild i helsk\u00e4rm<\/p>\n<p>Magdalena Andersson s\u00e4ger att fallet Patrick Gladh var en lokal fr\u00e5ga.<\/p>\n<p>\u2013\u00a0Den typen av avv\u00e4gningar g\u00f6r v\u00e5ra lokala partiorganisationer. De fattar de besluten sj\u00e4lvst\u00e4ndigt. D\u00e4r kan man s\u00e4kert ocks\u00e5 komma fram till olika saker i olika delar av landet.<\/p>\n<p>Hon ser inget st\u00f6rre problem med partikandidater som tar ut vinster ur v\u00e4lf\u00e4rdsbolag i r\u00e5dande l\u00e4ge.\u00a0<\/p>\n<p>\u2013 S\u00e5 l\u00e4nge vi har den lagstiftning som vi har, d\u00e5 f\u00f6ljer ju m\u00e4nniskor den lagstiftningen. Men vi vill ju f\u00f6r\u00e4ndra lagstiftningen.\u00a0<\/p>\n<p><strong>Men kan det vara problematiskt utifr\u00e5n att det kan ses som dubbeltydigt att det \u00e4r personer som kandiderar i \u00e5rets val som tj\u00e4nar pengar p\u00e5 skattemedel som g\u00e5r till v\u00e4lf\u00e4rden?<\/strong><\/p>\n<p>\u2013\u00a0Samtidigt har vi ju moderater som tar ut semester trots att moderater har r\u00f6stat emot varenda ut\u00f6kning av semestern som vi socialdemokrater n\u00e5gonsin har genomdrivit. Det vore problematiskt om det var s\u00e5 att man motarbetade att man ska g\u00f6ra n\u00e5gonting \u00e5t vinsten och v\u00e4lf\u00e4rden, s\u00e4ger Magdalena Andersson.<\/p>\n<p>\u2013\u00a0Min bild \u00e4r att v\u00e4ldigt m\u00e5nga svenskar \u00e4r rent ut sagt urf\u00f6rbannade p\u00e5 att v\u00e5ra skattepengar, de som vi k\u00e4mpar och sliter f\u00f6r att f\u00e5 i l\u00f6n och sen betalar i skatt, att de g\u00e5r till v\u00e4lf\u00e4rdskapitalister i st\u00e4llet f\u00f6r att g\u00e5 till barnen i skolan, till l\u00e4rare eller till undersk\u00f6terskor.<\/p>\n","protected":false},"excerpt":{"rendered":"https:\/\/infogram.com\/1plxwenqz6pqk1bqmjp5v0755wizw6xk551 Inom Socialdemokraterna finns det exempel d\u00e4r partif\u00f6retr\u00e4dare historiskt tvingats v\u00e4lja mellan att ha kvar sina uppdrag eller&hellip;\n","protected":false},"author":2,"featured_media":363886,"comment_status":"","ping_status":"","sticky":false,"template":"","format":"standard","meta":{"footnotes":"","_share_on_mastodon":"0"},"categories":[14],"tags":[22,23,26,27,39102,17,21,41807,6259,10980,24,25,2186,28,29,8743,1234,15,16,6425,369,18,34,1557,30644,31,33,32,30,19,20,18082,1406,51,52,53,54],"class_list":["post-363885","post","type-post","status-publish","format-standard","has-post-thumbnail","category-varlden","tag-breaking-news","tag-breakingnews","tag-featured-news","tag-featurednews","tag-grav-redaktion","tag-headlines","tag-huvudnyheter","tag-hvb","tag-inrikespolitik","tag-lagar","tag-latest-news","tag-latestnews","tag-magdalena-andersson","tag-main-news","tag-mainnews","tag-mercedes","tag-miljopartiet","tag-news","tag-nyheter","tag-partille","tag-politik","tag-rubriker","tag-se","tag-socialdemokraterna","tag-storytelling","tag-svenska","tag-sverige","tag-sweden","tag-swedish","tag-top-stories","tag-topstories","tag-val-2026","tag-vansterpartiet","tag-varlden","tag-world","tag-world-news","tag-worldnews"],"share_on_mastodon":{"url":"","error":"Validation failed: Text character limit of 500 exceeded"},"_links":{"self":[{"href":"https:\/\/www.europesays.com\/se\/wp-json\/wp\/v2\/posts\/363885","targetHints":{"allow":["GET"]}}],"collection":[{"href":"https:\/\/www.europesays.com\/se\/wp-json\/wp\/v2\/posts"}],"about":[{"href":"https:\/\/www.europesays.com\/se\/wp-json\/wp\/v2\/types\/post"}],"author":[{"embeddable":true,"href":"https:\/\/www.europesays.com\/se\/wp-json\/wp\/v2\/users\/2"}],"replies":[{"embeddable":true,"href":"https:\/\/www.europesays.com\/se\/wp-json\/wp\/v2\/comments?post=363885"}],"version-history":[{"count":0,"href":"https:\/\/www.europesays.com\/se\/wp-json\/wp\/v2\/posts\/363885\/revisions"}],"wp:featuredmedia":[{"embeddable":true,"href":"https:\/\/www.europesays.com\/se\/wp-json\/wp\/v2\/media\/363886"}],"wp:attachment":[{"href":"https:\/\/www.europesays.com\/se\/wp-json\/wp\/v2\/media?parent=363885"}],"wp:term":[{"taxonomy":"category","embeddable":true,"href":"https:\/\/www.europesays.com\/se\/wp-json\/wp\/v2\/categories?post=363885"},{"taxonomy":"post_tag","embeddable":true,"href":"https:\/\/www.europesays.com\/se\/wp-json\/wp\/v2\/tags?post=363885"}],"curies":[{"name":"wp","href":"https:\/\/api.w.org\/{rel}","templated":true}]}}