{"id":363887,"date":"2026-09-03T05:29:33","date_gmt":"2026-09-03T05:29:33","guid":{"rendered":"https:\/\/www.europesays.com\/se\/363887\/"},"modified":"2026-09-03T05:29:33","modified_gmt":"2026-09-03T05:29:33","slug":"villa-overtand-i-tallhojden-i-sodertalje-svt-nyheter","status":"publish","type":"post","link":"https:\/\/www.europesays.com\/se\/363887\/","title":{"rendered":"Villa \u00f6vert\u00e4nd i Tallh\u00f6jden i S\u00f6dert\u00e4lje &#8211; SVT Nyheter"},"content":{"rendered":"<ol>\n<li><a href=\"https:\/\/news.google.com\/rss\/articles\/CBMijgFBVV95cUxQd3BkVFdOVTNmeDY3N21TcGJZaGZSbHV1eHNhcnFEQVVsdVVzUzJ1VE4yQUZXalZFYkRnMUo1ME5NdHZmZlFtcUQxR0oyREVmTU1yMG5TeXRwTmZvQUUzbTVGempKTi1kdU90TWFkTlpsYklBLUVQY09SVzVxS0lsZHZLTFl0Zk83enFjSGNR?oc=5\" target=\"_blank\" rel=\"nofollow noopener\">Villa \u00f6vert\u00e4nd i Tallh\u00f6jden i S\u00f6dert\u00e4lje<\/a>&nbsp;&nbsp;SVT Nyheter<\/li>\n<li><a href=\"https:\/\/news.google.com\/rss\/articles\/CBMibkFVX3lxTE5ZSVJoaFNOWXJTS2RrU3Y0ekw1N0JmVzN4dzU4bmNZSk8tN2pxNEROZGV0N0c0NUZoV1IzTm0zalVieHBfOTJ1T0hiMk5nLURSWDJjcDAweVFpaGNaWTFJWVVoS1BFaTByNmRwb3Bn?oc=5\" target=\"_blank\" rel=\"nofollow noopener\">Fullt utvecklad brand i villa \u2013 en man till sjukhus<\/a>&nbsp;&nbsp;Aftonbladet<\/li>\n<li><a href=\"https:\/\/news.google.com\/rss\/articles\/CBMilwFBVV95cUxQTjRWdVROTUpxdk42b3dEMHhuZFNQaUwyQUlpUUprMlBhS0xPVHMwSXp3b3RVUzdHUDh4OS12eUJLeVNKUFpuSHFXajdlU1NreURFeEkzUWdiTFdnWVAtMU50ZGZ0R2RWYmR2OHZLcXBUSjRSN1dYQUlYdmRtaUxFMXo5QXktSUpMNUdVcGZPY21YSVM2dlow?oc=5\" target=\"_blank\" rel=\"nofollow noopener\">Kraftig villabrand i S\u00f6dert\u00e4lje \u2013 man till sjukhus<\/a>&nbsp;&nbsp;expressen.se<\/li>\n<li><a href=\"https:\/\/news.google.com\/rss\/articles\/CBMiZEFVX3lxTFB6TmhJQVJXRzNyS1RoSHp0UmpIRE90djIxTEZuSkZyUF9QSDJYbW01SFhfdXkxdDNUaTdkM0dtTVg2RUdFaGNoZ3pBNHNkS1l4aXU0ZVc3NS1xQUdrWFJSR3dNWWc?oc=5\" target=\"_blank\" rel=\"nofollow noopener\">Villa totalf\u00f6rst\u00f6rd efter kraftig brand \u2013 en till sjukhus<\/a>&nbsp;&nbsp;LT<\/li>\n<li><a href=\"https:\/\/news.google.com\/rss\/articles\/CBMihAFBVV95cUxNZXBLbmQ4R2JSaVpUcENYUV9HTjhPSE9wMHBGdlRvWXlDUTY2YTZmTHo3RHgzVGE3dDNFanozQ0o2eHNtVzRQY3M3UzExTlRoNS1acnp2ZEhhcGZyUGYyX3BGUkl5c2JRTnJCS0Z0aTJJZmJKYkE4VmR4XzN2U3VtUEIyb3M?oc=5\" target=\"_blank\" rel=\"nofollow noopener\">Kraftig villabrand \u2013 ambulanshelikopter tillkallad<\/a>&nbsp;&nbsp;telgenytt.se<\/li>\n<\/ol>\n","protected":false},"excerpt":{"rendered":"Villa \u00f6vert\u00e4nd i Tallh\u00f6jden i S\u00f6dert\u00e4lje&nbsp;&nbsp;SVT Nyheter Fullt utvecklad brand i villa \u2013 en man till sjukhus&nbsp;&nbsp;Aftonbladet Kraftig&hellip;\n","protected":false},"author":2,"featured_media":363888,"comment_status":"","ping_status":"","sticky":false,"template":"","format":"standard","meta":{"footnotes":"","_share_on_mastodon":"0"},"categories":[12],"tags":[22,23,26,27,17,21,24,25,28,29,15,16,18,34,31,33,32,30,19,20],"class_list":["post-363887","post","type-post","status-publish","format-standard","has-post-thumbnail","category-sverige","tag-breaking-news","tag-breakingnews","tag-featured-news","tag-featurednews","tag-headlines","tag-huvudnyheter","tag-latest-news","tag-latestnews","tag-main-news","tag-mainnews","tag-news","tag-nyheter","tag-rubriker","tag-se","tag-svenska","tag-sverige","tag-sweden","tag-swedish","tag-top-stories","tag-topstories"],"share_on_mastodon":{"url":"https:\/\/pubeurope.com\/@se\/117205464971598324","error":""},"_links":{"self":[{"href":"https:\/\/www.europesays.com\/se\/wp-json\/wp\/v2\/posts\/363887","targetHints":{"allow":["GET"]}}],"collection":[{"href":"https:\/\/www.europesays.com\/se\/wp-json\/wp\/v2\/posts"}],"about":[{"href":"https:\/\/www.europesays.com\/se\/wp-json\/wp\/v2\/types\/post"}],"author":[{"embeddable":true,"href":"https:\/\/www.europesays.com\/se\/wp-json\/wp\/v2\/users\/2"}],"replies":[{"embeddable":true,"href":"https:\/\/www.europesays.com\/se\/wp-json\/wp\/v2\/comments?post=363887"}],"version-history":[{"count":0,"href":"https:\/\/www.europesays.com\/se\/wp-json\/wp\/v2\/posts\/363887\/revisions"}],"wp:featuredmedia":[{"embeddable":true,"href":"https:\/\/www.europesays.com\/se\/wp-json\/wp\/v2\/media\/363888"}],"wp:attachment":[{"href":"https:\/\/www.europesays.com\/se\/wp-json\/wp\/v2\/media?parent=363887"}],"wp:term":[{"taxonomy":"category","embeddable":true,"href":"https:\/\/www.europesays.com\/se\/wp-json\/wp\/v2\/categories?post=363887"},{"taxonomy":"post_tag","embeddable":true,"href":"https:\/\/www.europesays.com\/se\/wp-json\/wp\/v2\/tags?post=363887"}],"curies":[{"name":"wp","href":"https:\/\/api.w.org\/{rel}","templated":true}]}}