{"id":363899,"date":"2026-09-03T05:36:12","date_gmt":"2026-09-03T05:36:12","guid":{"rendered":"https:\/\/www.europesays.com\/se\/363899\/"},"modified":"2026-09-03T05:36:12","modified_gmt":"2026-09-03T05:36:12","slug":"overvakningskamerorna-slogs-pa-timmar-innan-dadet-lycklig-slump-sveriges-radio","status":"publish","type":"post","link":"https:\/\/www.europesays.com\/se\/363899\/","title":{"rendered":"\u00d6vervakningskamerorna slogs p\u00e5 timmar innan d\u00e5det: \u201dLycklig slump\u201d &#8211; Sveriges Radio"},"content":{"rendered":"<ol>\n<li><a href=\"https:\/\/news.google.com\/rss\/articles\/CBMiogFBVV95cUxQaTZPVklTV0VjOVVzTVdXamZONmpUbXV6RldZTldPc0k1WlRJWWZ6Rk80aUtqZ1ZsM0tHWnZmanhieVVvbnVfYTBIVzlidkFiZmF6VGI4NnJqSHFNRGY1MzdpQUpVWGVpR01xYmxaUHA0WXRaM19UM2tBa3NBQ0x5YlNNN1FoRV94eGRRd2IyLTBzcGUwc3FJQk9nX21UT200Z2c?oc=5\" target=\"_blank\" rel=\"nofollow noopener\">\u00d6vervakningskamerorna slogs p\u00e5 timmar innan d\u00e5det: \u201dLycklig slump\u201d<\/a>&nbsp;&nbsp;Sveriges Radio<\/li>\n<li><a href=\"https:\/\/news.google.com\/rss\/articles\/CBMiigFBVV95cUxNTHdNWExFY1RVa2tfSHVpLThtSEtZYVp5N05Bdl9nQTRVV1hCUmlEOC1yY0R6RHAyTUgwc3R6X2piRUZMSFRodnRXZVR4eHI0SF84WWd0SnJNbnE0aEVHWmhPTW1zNG40aEtuTDN1TU5PVV94cjJoTU5hUk1PVHlMTzRqVE16N1FnRGc?oc=5\" target=\"_blank\" rel=\"nofollow noopener\">\u00d6vervakningskameror testades under Fagerstad\u00e5det: \u201dLycklig slump\u201d<\/a>&nbsp;&nbsp;Aftonbladet<\/li>\n<li><a href=\"https:\/\/news.google.com\/rss\/articles\/CBMilwFBVV95cUxONkhjdFowaThyWEc5M1NxQTJ1eG5KMlc5NFdpMTQtRWhJRzVDTmFZeEpqOVJoZGtNM2JzZmQ5U1kyRS1uekszVTJLd0ZoS2VvZU0tcV9DVDdOTk5CTDV1eWRSZXFfd1ZRUkYzVWdDMmVZU3ZvUnI0VnVfXzVVc3ppaEhoMzdTQmV2WTNsUmI5XzJJSFRoSVpJ?oc=5\" target=\"_blank\" rel=\"nofollow noopener\">Danske bank: N\u00e4sta r\u00e4nteh\u00f6jning i november<\/a>&nbsp;&nbsp;expressen.se<\/li>\n<li><a href=\"https:\/\/news.google.com\/rss\/articles\/CBMilwFBVV95cUxNUXRlSmtTNERmWlZuMXFLUFZLVDNmT2g2dGhGaFY1NG1PcFRzREpTd2U3NGtmX3NabFpaa3dvdTF3aHM3Yzh6YXNqbmhENXl4elh5ZjBfb0xCOXdhY2pvM1dEd2d3UlA5ZmF3azkyc3o0TDhtcWdQUEdUVVY0Uldtd1ZqNWt2MldmV21ILXBpMTduNlJXX0I4?oc=5\" target=\"_blank\" rel=\"nofollow noopener\">Nya \u00f6vervakningskameror testades under Fagerstad\u00e5det<\/a>&nbsp;&nbsp;expressen.se<\/li>\n<\/ol>\n","protected":false},"excerpt":{"rendered":"\u00d6vervakningskamerorna slogs p\u00e5 timmar innan d\u00e5det: \u201dLycklig slump\u201d&nbsp;&nbsp;Sveriges Radio \u00d6vervakningskameror testades under Fagerstad\u00e5det: \u201dLycklig slump\u201d&nbsp;&nbsp;Aftonbladet Danske bank: N\u00e4sta&hellip;\n","protected":false},"author":2,"featured_media":363900,"comment_status":"","ping_status":"","sticky":false,"template":"","format":"standard","meta":{"footnotes":"","_share_on_mastodon":"0"},"categories":[14],"tags":[22,23,26,27,17,21,24,25,28,29,15,16,18,34,31,33,32,30,19,20,51,52,53,54],"class_list":["post-363899","post","type-post","status-publish","format-standard","has-post-thumbnail","category-varlden","tag-breaking-news","tag-breakingnews","tag-featured-news","tag-featurednews","tag-headlines","tag-huvudnyheter","tag-latest-news","tag-latestnews","tag-main-news","tag-mainnews","tag-news","tag-nyheter","tag-rubriker","tag-se","tag-svenska","tag-sverige","tag-sweden","tag-swedish","tag-top-stories","tag-topstories","tag-varlden","tag-world","tag-world-news","tag-worldnews"],"share_on_mastodon":{"url":"https:\/\/pubeurope.com\/@se\/117205492296556910","error":""},"_links":{"self":[{"href":"https:\/\/www.europesays.com\/se\/wp-json\/wp\/v2\/posts\/363899","targetHints":{"allow":["GET"]}}],"collection":[{"href":"https:\/\/www.europesays.com\/se\/wp-json\/wp\/v2\/posts"}],"about":[{"href":"https:\/\/www.europesays.com\/se\/wp-json\/wp\/v2\/types\/post"}],"author":[{"embeddable":true,"href":"https:\/\/www.europesays.com\/se\/wp-json\/wp\/v2\/users\/2"}],"replies":[{"embeddable":true,"href":"https:\/\/www.europesays.com\/se\/wp-json\/wp\/v2\/comments?post=363899"}],"version-history":[{"count":0,"href":"https:\/\/www.europesays.com\/se\/wp-json\/wp\/v2\/posts\/363899\/revisions"}],"wp:featuredmedia":[{"embeddable":true,"href":"https:\/\/www.europesays.com\/se\/wp-json\/wp\/v2\/media\/363900"}],"wp:attachment":[{"href":"https:\/\/www.europesays.com\/se\/wp-json\/wp\/v2\/media?parent=363899"}],"wp:term":[{"taxonomy":"category","embeddable":true,"href":"https:\/\/www.europesays.com\/se\/wp-json\/wp\/v2\/categories?post=363899"},{"taxonomy":"post_tag","embeddable":true,"href":"https:\/\/www.europesays.com\/se\/wp-json\/wp\/v2\/tags?post=363899"}],"curies":[{"name":"wp","href":"https:\/\/api.w.org\/{rel}","templated":true}]}}