{"id":363901,"date":"2026-09-03T05:37:24","date_gmt":"2026-09-03T05:37:24","guid":{"rendered":"https:\/\/www.europesays.com\/se\/363901\/"},"modified":"2026-09-03T05:37:24","modified_gmt":"2026-09-03T05:37:24","slug":"forbundet-positiv-till-ny-licensjakt-pa-varg-vasterbottningen","status":"publish","type":"post","link":"https:\/\/www.europesays.com\/se\/363901\/","title":{"rendered":"F\u00f6rbundet positiv till ny licensjakt p\u00e5 varg &#8211; V\u00e4sterbottningen"},"content":{"rendered":"<ol>\n<li><a href=\"https:\/\/news.google.com\/rss\/articles\/CBMioAFBVV95cUxNMzA3SFE5X2RCU1VGazJfcFpXY3R2NFlsR3E1amMycnFVUEUxcUhacjRDWFpwYThLMTlHaWJFSHBrdmtoUzk0MG1CdUJWRFNoajhpV0U0ZEZ4d21LMTlOUmhnUWIwSDhyd00yZmt4c3ZkOV9WQ1NXbzM2bmxpTE0yRzM2ekZaYnFYdU5iNGQtQjVCblBRV2lLZ1ZkVUNFMU04?oc=5\" target=\"_blank\" rel=\"nofollow noopener\">F\u00f6rbundet positiv till ny licensjakt p\u00e5 varg<\/a>&nbsp;&nbsp;V\u00e4sterbottningen<\/li>\n<li><a href=\"https:\/\/news.google.com\/rss\/articles\/CBMijwFBVV95cUxOZkwycXljQkhkazlNa3RpWWNLRmlmdHYyTHA5dXNXbF8tV2tHejVQZVhsSHNNUElrV2V5RTZjZ29aVkducDlkOHhlWTFDTUpKOGIyaHY0LWpZTndlM1NGZnR0OGEwendEVXNGZDBFVTJOZloyTmFwUVZnMVdiaWowdU4zN0FHWFhYWFZxbFk0Yw?oc=5\" target=\"_blank\" rel=\"nofollow noopener\">L\u00e4nsstyrelsen: Mycket angel\u00e4get att f\u00e5 till vargjakt<\/a>&nbsp;&nbsp;Svensk Jakt<\/li>\n<li><a href=\"https:\/\/news.google.com\/rss\/articles\/CBMihAFBVV95cUxQMVBBQnljaUtZbE5nTXJhdUN4cFRUNExIOHBCUjVEdnZQR0RqYkpvZjZvam5oVzVCNUY0UkVFYkd3UzdkZjhtMXAxQ3ZFN3U4a2JMNlBwaEhNT1Rid1E4QVp3andDS000bW95MDVYb2FiVmxLMzlueU1xS2ZuVVpQdko5aDE?oc=5\" target=\"_blank\" rel=\"nofollow noopener\">DEBATT: Ge oss m\u00f6jlighet till en utvecklad f\u00e5rn\u00e4ring<\/a>&nbsp;&nbsp;Nerikes Allehanda<\/li>\n<li><a href=\"https:\/\/news.google.com\/rss\/articles\/CBMilAFBVV95cUxPTnRaSkZmZFNjSDdIcUlXc2hLVWV3RmRYMDhKVEplalNHT2tUN3NRQnFhMFJ1UUNhQUI1YlRrRzJiVUpVcm4xUzdsbVRfSG5IOFY5eVQ4c2dFaGVXbGJCR0ktSTFqNzllMTNES0xhbUlGbTVDYkJiZUZqdzYyUEdPU3dBTHJsVlRRWFZDQzAyUFlDWTRZ?oc=5\" target=\"_blank\" rel=\"nofollow noopener\">F\u00e5rbonden vill ha fler vargar \u2013 trots upprepade angrepp<\/a>&nbsp;&nbsp;Sveriges Radio<\/li>\n<li><a href=\"https:\/\/news.google.com\/rss\/articles\/CBMikwFBVV95cUxOZmJ3ckhnWDBBS3NKVUF1X0RDbnVtRGxWRVFOT0hjTE5ET2FONEJDY000UTlmQm5sSTZjTW43bkRCRGdZQVdUTmdRUmNpS0tJd3Vjcm9VMzUxdDJBZTRkUG9IZ3JFOGVsVmFmOTFrNnRHYXhzREM5UHNqVVQxaVFMTkJzcDRaSFROV0ZIdDZMVGpvM00?oc=5\" target=\"_blank\" rel=\"nofollow noopener\">INS\u00c4NDARE: Varg i Korsberga kr\u00e4ver handling \u2013 minska stammen nu!<\/a>&nbsp;&nbsp;VP \u2013 Alltid n\u00e4ra<\/li>\n<\/ol>\n","protected":false},"excerpt":{"rendered":"F\u00f6rbundet positiv till ny licensjakt p\u00e5 varg&nbsp;&nbsp;V\u00e4sterbottningen L\u00e4nsstyrelsen: Mycket angel\u00e4get att f\u00e5 till vargjakt&nbsp;&nbsp;Svensk Jakt DEBATT: Ge oss&hellip;\n","protected":false},"author":2,"featured_media":363902,"comment_status":"","ping_status":"","sticky":false,"template":"","format":"standard","meta":{"footnotes":"","_share_on_mastodon":"0"},"categories":[12],"tags":[22,23,26,27,17,21,24,25,28,29,15,16,18,34,31,33,32,30,19,20],"class_list":["post-363901","post","type-post","status-publish","format-standard","has-post-thumbnail","category-sverige","tag-breaking-news","tag-breakingnews","tag-featured-news","tag-featurednews","tag-headlines","tag-huvudnyheter","tag-latest-news","tag-latestnews","tag-main-news","tag-mainnews","tag-news","tag-nyheter","tag-rubriker","tag-se","tag-svenska","tag-sverige","tag-sweden","tag-swedish","tag-top-stories","tag-topstories"],"share_on_mastodon":{"url":"https:\/\/pubeurope.com\/@se\/117205496464202649","error":""},"_links":{"self":[{"href":"https:\/\/www.europesays.com\/se\/wp-json\/wp\/v2\/posts\/363901","targetHints":{"allow":["GET"]}}],"collection":[{"href":"https:\/\/www.europesays.com\/se\/wp-json\/wp\/v2\/posts"}],"about":[{"href":"https:\/\/www.europesays.com\/se\/wp-json\/wp\/v2\/types\/post"}],"author":[{"embeddable":true,"href":"https:\/\/www.europesays.com\/se\/wp-json\/wp\/v2\/users\/2"}],"replies":[{"embeddable":true,"href":"https:\/\/www.europesays.com\/se\/wp-json\/wp\/v2\/comments?post=363901"}],"version-history":[{"count":0,"href":"https:\/\/www.europesays.com\/se\/wp-json\/wp\/v2\/posts\/363901\/revisions"}],"wp:featuredmedia":[{"embeddable":true,"href":"https:\/\/www.europesays.com\/se\/wp-json\/wp\/v2\/media\/363902"}],"wp:attachment":[{"href":"https:\/\/www.europesays.com\/se\/wp-json\/wp\/v2\/media?parent=363901"}],"wp:term":[{"taxonomy":"category","embeddable":true,"href":"https:\/\/www.europesays.com\/se\/wp-json\/wp\/v2\/categories?post=363901"},{"taxonomy":"post_tag","embeddable":true,"href":"https:\/\/www.europesays.com\/se\/wp-json\/wp\/v2\/tags?post=363901"}],"curies":[{"name":"wp","href":"https:\/\/api.w.org\/{rel}","templated":true}]}}