{"id":363903,"date":"2026-09-03T05:38:33","date_gmt":"2026-09-03T05:38:33","guid":{"rendered":"https:\/\/www.europesays.com\/se\/363903\/"},"modified":"2026-09-03T05:38:33","modified_gmt":"2026-09-03T05:38:33","slug":"veronica-palm-antligen-en-rejal-valfardsreform-tanderna-ar-en-del-av-kroppen-pt-se","status":"publish","type":"post","link":"https:\/\/www.europesays.com\/se\/363903\/","title":{"rendered":"VERONICA PALM: \u00c4ntligen en rej\u00e4l v\u00e4lf\u00e4rdsreform \u2013 t\u00e4nderna \u00e4r en del av kroppen &#8211; pt.se"},"content":{"rendered":"<ol>\n<li><a href=\"https:\/\/news.google.com\/rss\/articles\/CBMiuAFBVV95cUxPaGNLVC1IZ1JPU1EtTmNmLVpVdDNEbm1QejJodlBfb3I0NUdIQjhIOHVHSHlUcjN2aXhBTVBCdkg1cGhKUFY3dzREOEc1WlRyYTRRZF9YR01iM3lWYm1DLW1RdFZyZGpkakhXUTY0SnhmOHh5YUVKYnM0QlUyeUhfZ1k0aHlPYjRTTEp0dkFJWTZvWnZlR080LXpRdDByelVHTEJEOVhkVEN2dWJVaGU1Mm01YlVCcTFB?oc=5\" target=\"_blank\" rel=\"nofollow noopener\">VERONICA PALM: \u00c4ntligen en rej\u00e4l v\u00e4lf\u00e4rdsreform \u2013 t\u00e4nderna \u00e4r en del av kroppen<\/a>&nbsp;&nbsp;pt.se<\/li>\n<li><a href=\"https:\/\/news.google.com\/rss\/articles\/CBMihwFBVV95cUxOVGtWSmpCZUNJdVBGS0tOZnZHX1BEaDhvRDd4WC1SNVpSNEpxNzVuM1Z4eFVQVF9vcTlUUmZ5TmZ2LXB2ZTJnN1AwUU5YN1JRTkhUTEF5cndDZk9uZTFBTWpsa0VBRVhla0ZuS2VBY1k0S1dROUxMajNNQ21QVHJvbjljOHhZRE0?oc=5\" target=\"_blank\" rel=\"nofollow noopener\">Magdas vall\u00f6fte \u00e4r en k\u00e4ftsm\u00e4ll f\u00f6r M<\/a>&nbsp;&nbsp;Aftonbladet<\/li>\n<li><a href=\"https:\/\/news.google.com\/rss\/articles\/CBMinwFBVV95cUxOcmRSbzN4U1FCYlFaQk1JX1ZFR2NjMVNQYmZBenl1S1pmc1RydmlFam05dnVKY3pSai0yY0ZjbTlnYmtBVElVUEJhRnpKa3NKc1d2SlhYczNZazk2emZ0bVhySUlFbkZxU1JIU2xFY2Z4d08yc1gyek54MmNwYXhWcTBCSUd2VVpYUmZrUGd2U0dtRTVuVUhuZWY2VVM1aEE?oc=5\" target=\"_blank\" rel=\"nofollow noopener\">Socialdemokraterna g\u00e5r till val p\u00e5 \u201d\u00e5rhundradets tandv\u00e5rdsreform\u201d<\/a>&nbsp;&nbsp;SVT Nyheter<\/li>\n<li><a href=\"https:\/\/news.google.com\/rss\/articles\/CBMioAFBVV95cUxQOENEOGE1UExrYlJjUlJqSXM0QTZBblBwQjluMFI3cXlLV1Q4aGhpcmw2S3p0c2htQkYtaFJYOEN5MXhqbzVwUjEzUnM0bHNGV1REX3RCamU0b1ZycHFzRTJ2NU1EY192RUo5T0tYYV9nNWZKaU1RU2tNbUxXQ2tPeUtKNlREQ3otVFEtVkpyNUpqTnpadkxaUEdXcmJmVklf?oc=5\" target=\"_blank\" rel=\"nofollow noopener\">S lovar stor tandv\u00e5rdsreform<\/a>&nbsp;&nbsp;G\u00f6teborgs-Posten<\/li>\n<li><a href=\"https:\/\/news.google.com\/rss\/articles\/CBMiZ0FVX3lxTE90ZWJxbDZHdHRDWEV5N29EZEhNSC15YVRGYzlnV2U1MFRLWVRsM0VLd2E0UGtKT3ctRE9VajhKTEVoamdseUN2U21rWFpKdVdqSnJvRWR1YzVXWUJuelRTU2pfVl95YkE?oc=5\" target=\"_blank\" rel=\"nofollow noopener\">S lovar billigare tandv\u00e5rd f\u00f6r alla vuxna<\/a>&nbsp;&nbsp;Svenska Dagbladet<\/li>\n<\/ol>\n","protected":false},"excerpt":{"rendered":"VERONICA PALM: \u00c4ntligen en rej\u00e4l v\u00e4lf\u00e4rdsreform \u2013 t\u00e4nderna \u00e4r en del av kroppen&nbsp;&nbsp;pt.se Magdas vall\u00f6fte \u00e4r en k\u00e4ftsm\u00e4ll&hellip;\n","protected":false},"author":2,"featured_media":363904,"comment_status":"","ping_status":"","sticky":false,"template":"","format":"standard","meta":{"footnotes":"","_share_on_mastodon":"0"},"categories":[5],"tags":[22,23,26,27,17,21,24,25,28,29,15,16,18,34,31,33,32,30,19,20],"class_list":["post-363903","post","type-post","status-publish","format-standard","has-post-thumbnail","category-rubriker","tag-breaking-news","tag-breakingnews","tag-featured-news","tag-featurednews","tag-headlines","tag-huvudnyheter","tag-latest-news","tag-latestnews","tag-main-news","tag-mainnews","tag-news","tag-nyheter","tag-rubriker","tag-se","tag-svenska","tag-sverige","tag-sweden","tag-swedish","tag-top-stories","tag-topstories"],"share_on_mastodon":{"url":"https:\/\/pubeurope.com\/@se\/117205500222114744","error":""},"_links":{"self":[{"href":"https:\/\/www.europesays.com\/se\/wp-json\/wp\/v2\/posts\/363903","targetHints":{"allow":["GET"]}}],"collection":[{"href":"https:\/\/www.europesays.com\/se\/wp-json\/wp\/v2\/posts"}],"about":[{"href":"https:\/\/www.europesays.com\/se\/wp-json\/wp\/v2\/types\/post"}],"author":[{"embeddable":true,"href":"https:\/\/www.europesays.com\/se\/wp-json\/wp\/v2\/users\/2"}],"replies":[{"embeddable":true,"href":"https:\/\/www.europesays.com\/se\/wp-json\/wp\/v2\/comments?post=363903"}],"version-history":[{"count":0,"href":"https:\/\/www.europesays.com\/se\/wp-json\/wp\/v2\/posts\/363903\/revisions"}],"wp:featuredmedia":[{"embeddable":true,"href":"https:\/\/www.europesays.com\/se\/wp-json\/wp\/v2\/media\/363904"}],"wp:attachment":[{"href":"https:\/\/www.europesays.com\/se\/wp-json\/wp\/v2\/media?parent=363903"}],"wp:term":[{"taxonomy":"category","embeddable":true,"href":"https:\/\/www.europesays.com\/se\/wp-json\/wp\/v2\/categories?post=363903"},{"taxonomy":"post_tag","embeddable":true,"href":"https:\/\/www.europesays.com\/se\/wp-json\/wp\/v2\/tags?post=363903"}],"curies":[{"name":"wp","href":"https:\/\/api.w.org\/{rel}","templated":true}]}}