{"id":363909,"date":"2026-09-03T05:45:53","date_gmt":"2026-09-03T05:45:53","guid":{"rendered":"https:\/\/www.europesays.com\/se\/363909\/"},"modified":"2026-09-03T05:45:53","modified_gmt":"2026-09-03T05:45:53","slug":"kung-haakon-har-svurit-eden-utan-mette-marit-2","status":"publish","type":"post","link":"https:\/\/www.europesays.com\/se\/363909\/","title":{"rendered":"Kung Haakon har svurit eden \u2013 utan Mette-Marit"},"content":{"rendered":"<p>Kungen f\u00e4rdades de dryga 700 meterna fr\u00e5n slottet i en \u00f6ppen bil. Utefter paradgatan Karl Johan hade stora folkmassor samlats i det fina sensommarv\u00e4dret och m\u00e5nga vinkade, visade direkts\u00e4nda <a id=\"PfifqRFs52IpWUlR\" href=\"https:\/\/www.nrk.no\/norge\/na-skal-kong-haakon-avlegge-ed-til-stortinget-1.18009874\" rel=\"nofollow noopener\" target=\"_blank\">bilder<\/a>.<\/p>\n<p>Framme i stortinget, vars ledam\u00f6ter bar svart, avlade en allvarlig kung sitt l\u00f6fte. Sedan h\u00f6ll han ett kort tal, i vilket han uttryckte f\u00f6rhoppningar om fortsatt goda relationer till stortinget.<\/p>\n<p>Kung Haakon <a id=\"A3qzY5nQ8zAAZ6SY\" href=\"https:\/\/www.kongehuset.no\/taler-og-budskap\/kong-haakon-viii\/kong-haakons-ed-og-erklaering-for-stortinget\" rel=\"nofollow noopener\" target=\"_blank\">meddelade<\/a> ocks\u00e5 att han och drottningen \u00e4r redo att utf\u00f6ra sin g\u00e4rning \u201df\u00f6r land och folk\u201d. Likt sin far tar han valspr\u00e5ket \u201dAllt f\u00f6r Norge\u201d.<\/p>\n<p>\u201dStora f\u00f6rv\u00e4ntningar\u201d<\/p>\n<p>Vid hans sida satt den nyblivna 22-\u00e5riga kronprinsessan Ingrid Alexandra, som ska avl\u00e4gga en skriftlig ed i stortinget. \u00c4ven drottning Sonja och prins Sverre Magnus n\u00e4rvarade.<\/p>\n<p>Att en ny monark ska \u00e5ka till stortinget och avl\u00e4gga eden, genom vilken denne formellt lovar att f\u00f6lja Norges lagar, st\u00e5r i grundlagen. Det gjorde den avlidne kung Harald fyra dagar efter sin fars d\u00f6d 1991 och det g\u00f6r kung Haakon nu fyra dagar efter att hans pappa g\u00e5tt bort, skriver NTB.<\/p>\n<p>Stortingspresident Masud Gharahkhani (AP), som ledde ceremonin, hyllade den avlidne kung Harald som en person som \u201drepresenterade det allra b\u00e4sta av Norge\u201d och \u00f6nskade det nya kungaparet lycka till.<\/p>\n<p>\u2013 Ni har ett tungt och enast\u00e5ende arv som kommer med stora f\u00f6rv\u00e4ntningar, betonade han.<\/p>\n<p>Har komplikationer<\/p>\n<p>Beskedet att drottning Mette-Marit inte n\u00e4rvarade kom fr\u00e5n lungl\u00e4karen Are Holm vid Rikshospitalet i Oslo, tidigare p\u00e5 tisdagen. Han meddelade att Mette-Marit under dagen i\u00a0st\u00e4llet ska vara under observation efter sin transplantation, som skedde i mitten av juni.<\/p>\n<p>\u201dDet \u00e4r inte ovanligt att komplikationer uppst\u00e5r efter en lungtransplantation. Drottningen har haft komplikationer vid n\u00e5gra tillf\u00e4llen sedan operationen, inklusive i\u00a0dag\u201d, sade han enligt ett pressmeddelande fr\u00e5n hovet.<\/p>\n<p>Drottning Mette-Marit diagnostiserades med lungfibros 2018 och hennes h\u00e4lsotillst\u00e5nd f\u00f6rv\u00e4rrades gradvis d\u00e4refter. I b\u00f6rjan av juni blev det k\u00e4nt att hon satts upp p\u00e5 listan \u00f6ver personer som beh\u00f6ver en lungtransplantation.<\/p>\n<p>Hon l\u00e4mnade sjukhuset i mitten av juli. Efter kung Haralds d\u00f6d har hon visat sig offentligt.<\/p>\n<p><img alt=\"Norges nye kung Haakon VIII anl\u00e4nder till stortinget f\u00f6r att sv\u00e4ra en ed, i enlighet med grundlagen. \" loading=\"lazy\" width=\"1920\" height=\"1200\" decoding=\"async\" data-nimg=\"1\" style=\"color:transparent;max-width:100%;width:100%\"   src=\"https:\/\/www.europesays.com\/se\/wp-content\/uploads\/2026\/09\/1788414352_467_1Kad3Lvm2Ubnsvqgw5M2hJa7B8b4-REGULAR.jpg\"\/>Norges nye kung Haakon VIII anl\u00e4nder till stortinget f\u00f6r att sv\u00e4ra en ed, i enlighet med grundlagen.  Bild: Javad Parsa\/NTB\/TT <img alt=\"Drottning Mette-Marit och kung Haakon p\u00e5 v\u00e4g till sjukhuset d\u00e4r den nu avlidne kung Harald var inlagd fram till sin d\u00f6d i fredags.\" loading=\"lazy\" width=\"1920\" height=\"1200\" decoding=\"async\" data-nimg=\"1\" style=\"color:transparent;max-width:100%;width:100%\"   src=\"https:\/\/www.europesays.com\/se\/wp-content\/uploads\/2026\/09\/1788414353_852_2iGjPefoSKUPp_l-rMFWHdfSTjMg-REGULAR.jpg\"\/>Drottning Mette-Marit och kung Haakon p\u00e5 v\u00e4g till sjukhuset d\u00e4r den nu avlidne kung Harald var inlagd fram till sin d\u00f6d i fredags. Bild: Ole Berg-Rusten\/NTB\/TT <\/p>\n<p>Tina Magnerg\u00e5rd Bjers\/TT<\/p>\n","protected":false},"excerpt":{"rendered":"Kungen f\u00e4rdades de dryga 700 meterna fr\u00e5n slottet i en \u00f6ppen bil. Utefter paradgatan Karl Johan hade stora&hellip;\n","protected":false},"author":2,"featured_media":363910,"comment_status":"","ping_status":"","sticky":false,"template":"","format":"standard","meta":{"footnotes":"","_share_on_mastodon":"0"},"categories":[14],"tags":[22,23,26,27,17,21,24,25,28,29,15,16,18,34,31,33,32,30,19,20,51,52,53,54],"class_list":["post-363909","post","type-post","status-publish","format-standard","has-post-thumbnail","category-varlden","tag-breaking-news","tag-breakingnews","tag-featured-news","tag-featurednews","tag-headlines","tag-huvudnyheter","tag-latest-news","tag-latestnews","tag-main-news","tag-mainnews","tag-news","tag-nyheter","tag-rubriker","tag-se","tag-svenska","tag-sverige","tag-sweden","tag-swedish","tag-top-stories","tag-topstories","tag-varlden","tag-world","tag-world-news","tag-worldnews"],"share_on_mastodon":{"url":"https:\/\/pubeurope.com\/@se\/117205532126886653","error":""},"_links":{"self":[{"href":"https:\/\/www.europesays.com\/se\/wp-json\/wp\/v2\/posts\/363909","targetHints":{"allow":["GET"]}}],"collection":[{"href":"https:\/\/www.europesays.com\/se\/wp-json\/wp\/v2\/posts"}],"about":[{"href":"https:\/\/www.europesays.com\/se\/wp-json\/wp\/v2\/types\/post"}],"author":[{"embeddable":true,"href":"https:\/\/www.europesays.com\/se\/wp-json\/wp\/v2\/users\/2"}],"replies":[{"embeddable":true,"href":"https:\/\/www.europesays.com\/se\/wp-json\/wp\/v2\/comments?post=363909"}],"version-history":[{"count":0,"href":"https:\/\/www.europesays.com\/se\/wp-json\/wp\/v2\/posts\/363909\/revisions"}],"wp:featuredmedia":[{"embeddable":true,"href":"https:\/\/www.europesays.com\/se\/wp-json\/wp\/v2\/media\/363910"}],"wp:attachment":[{"href":"https:\/\/www.europesays.com\/se\/wp-json\/wp\/v2\/media?parent=363909"}],"wp:term":[{"taxonomy":"category","embeddable":true,"href":"https:\/\/www.europesays.com\/se\/wp-json\/wp\/v2\/categories?post=363909"},{"taxonomy":"post_tag","embeddable":true,"href":"https:\/\/www.europesays.com\/se\/wp-json\/wp\/v2\/tags?post=363909"}],"curies":[{"name":"wp","href":"https:\/\/api.w.org\/{rel}","templated":true}]}}