{"id":363913,"date":"2026-09-03T05:49:27","date_gmt":"2026-09-03T05:49:27","guid":{"rendered":"https:\/\/www.europesays.com\/se\/363913\/"},"modified":"2026-09-03T05:49:27","modified_gmt":"2026-09-03T05:49:27","slug":"schroder-natade-igen-real-madrid-till-cl","status":"publish","type":"post","link":"https:\/\/www.europesays.com\/se\/363913\/","title":{"rendered":"Schr\u00f6der n\u00e4tade igen \u2013 Real Madrid till CL"},"content":{"rendered":"<p>   <img alt=\"Felicia Schr\u00f6der har gjort fyra m\u00e5l p\u00e5 tre matcher i Real Madrid.\" class=\"_image_1jxax_84 layout-component layout-wide\" data-fullscreen- data-track-element-type=\"Article image fullscreen\" data-track-name=\"ImageFullscreen\" fetchpriority=\"high\" decoding=\"sync\" loading=\"eager\" height=\"3840\" itemprop=\"image\"  src=\"https:\/\/www.europesays.com\/se\/wp-content\/uploads\/2026\/09\/06f2992b-e5a8-3b81-a253-ca405a4c430b.jpeg\"  style=\"object-position:0% 0%\" width=\"5760\"\/>Felicia Schr\u00f6der har gjort fyra m\u00e5l p\u00e5 tre matcher i Real Madrid.  Foto: Jessica Gow\/TTVisa mer<\/p>\n<p class=\"_textTheme_4io5p_1 _lead_16k26_2 _lead_3ue4t_18 layout-component layout-normal layout-padded _lead_o6m9k_5 _leadTheme_cypwp_1 body-large bold\">Felicia Schr\u00f6ders m\u00e5lsucc\u00e9 i Real Madrid forts\u00e4tter. 19-\u00e5ringen nickade in 1\u20131 mot Ajax i Champions League-kvalet.<\/p>\n<p class=\"_textTheme_4io5p_1 _paragraph_16k26_4 _paragraph_3ue4t_27 layout-component layout-normal layout-padded body-medium\">N\u00e4r Felicia Schr\u00f6der l\u00e4mnade H\u00e4cken f\u00f6r Real Madrid i somras blev hon den dyraste spelaren i damfotbollens historia.<\/p>\n<p class=\"_textTheme_4io5p_1 _paragraph_16k26_4 _paragraph_3ue4t_27 layout-component layout-normal layout-padded body-medium\">Den bl\u00e5gula landslagsstj\u00e4rnan bjuder hittills p\u00e5 m\u00e5lgaranti, efter att ha hittat n\u00e4tet i samtliga tre t\u00e4vlingsmatcher med \u201dLas Blancas\u201d.<\/p>\n<p class=\"_textTheme_4io5p_1 _paragraph_16k26_4 _paragraph_3ue4t_27 layout-component layout-normal layout-padded body-medium\">Efter ett m\u00e5l borta mot Ajax och tv\u00e5 hemma mot Atl\u00e9tico Madrid, i ligadebuten i helgen, kom ytterligare en fulltr\u00e4ff i onsdagens retur mot nederl\u00e4ndskorna.<\/p>\n<p class=\"_textTheme_4io5p_1 _paragraph_16k26_4 _paragraph_3ue4t_27 layout-component layout-normal layout-padded body-medium\">Ajax ledde med 1\u20130 i Madrid n\u00e4r Schr\u00f6der i 58:e minuten fick pannan p\u00e5 ett h\u00f6gerinl\u00e4gg och kvitterade. Linda Caicedo satte 2\u20131 p\u00e5 till\u00e4ggstid, assisterad av Schr\u00f6der, och med 4\u20131 totalt i dubbelm\u00f6tet avancerar Real Madrid till ligafasen i Champions League.<\/p>\n<p class=\"_textTheme_4io5p_1 _paragraph_16k26_4 _paragraph_3ue4t_27 layout-component layout-normal layout-padded body-medium\">\u00c4ven Bella Andersson och Filippa Angeldahl spelade fr\u00e5n start i Real Madrid.<\/p>\n","protected":false},"excerpt":{"rendered":"Felicia Schr\u00f6der har gjort fyra m\u00e5l p\u00e5 tre matcher i Real Madrid. Foto: Jessica Gow\/TTVisa mer Felicia Schr\u00f6ders&hellip;\n","protected":false},"author":2,"featured_media":363914,"comment_status":"","ping_status":"","sticky":false,"template":"","format":"standard","meta":{"footnotes":"","_share_on_mastodon":"0"},"categories":[5],"tags":[22,23,26,27,17,21,24,25,28,29,15,16,18,34,31,33,32,30,19,20],"class_list":["post-363913","post","type-post","status-publish","format-standard","has-post-thumbnail","category-rubriker","tag-breaking-news","tag-breakingnews","tag-featured-news","tag-featurednews","tag-headlines","tag-huvudnyheter","tag-latest-news","tag-latestnews","tag-main-news","tag-mainnews","tag-news","tag-nyheter","tag-rubriker","tag-se","tag-svenska","tag-sverige","tag-sweden","tag-swedish","tag-top-stories","tag-topstories"],"share_on_mastodon":{"url":"https:\/\/pubeurope.com\/@se\/117205543832223649","error":""},"_links":{"self":[{"href":"https:\/\/www.europesays.com\/se\/wp-json\/wp\/v2\/posts\/363913","targetHints":{"allow":["GET"]}}],"collection":[{"href":"https:\/\/www.europesays.com\/se\/wp-json\/wp\/v2\/posts"}],"about":[{"href":"https:\/\/www.europesays.com\/se\/wp-json\/wp\/v2\/types\/post"}],"author":[{"embeddable":true,"href":"https:\/\/www.europesays.com\/se\/wp-json\/wp\/v2\/users\/2"}],"replies":[{"embeddable":true,"href":"https:\/\/www.europesays.com\/se\/wp-json\/wp\/v2\/comments?post=363913"}],"version-history":[{"count":0,"href":"https:\/\/www.europesays.com\/se\/wp-json\/wp\/v2\/posts\/363913\/revisions"}],"wp:featuredmedia":[{"embeddable":true,"href":"https:\/\/www.europesays.com\/se\/wp-json\/wp\/v2\/media\/363914"}],"wp:attachment":[{"href":"https:\/\/www.europesays.com\/se\/wp-json\/wp\/v2\/media?parent=363913"}],"wp:term":[{"taxonomy":"category","embeddable":true,"href":"https:\/\/www.europesays.com\/se\/wp-json\/wp\/v2\/categories?post=363913"},{"taxonomy":"post_tag","embeddable":true,"href":"https:\/\/www.europesays.com\/se\/wp-json\/wp\/v2\/tags?post=363913"}],"curies":[{"name":"wp","href":"https:\/\/api.w.org\/{rel}","templated":true}]}}