{"id":363919,"date":"2026-09-03T05:56:49","date_gmt":"2026-09-03T05:56:49","guid":{"rendered":"https:\/\/www.europesays.com\/se\/363919\/"},"modified":"2026-09-03T05:56:49","modified_gmt":"2026-09-03T05:56:49","slug":"jordbavning-i-colombia-paven-uttrycker-sin-narhet","status":"publish","type":"post","link":"https:\/\/www.europesays.com\/se\/363919\/","title":{"rendered":"Jordb\u00e4vning i Colombia \u2013 p\u00e5ven uttrycker sin n\u00e4rhet"},"content":{"rendered":"<p>Under ett telefonsamtal med Colombias president Abelardo de la Espriella den 2 september, uttryckte p\u00e5ven sin solidaritet med alla som drabbats av jordb\u00e4vningen som \u00f6delade landet den 10 augusti, med de avlidnas anh\u00f6riga, de skadade och alla r\u00e4ddningsarbetare&#13;\n<\/p>\n<p><b>Vatican News<\/b><\/p>\n<p>Under eftermiddagen den 2 september \u00e4gde ett telefonsamtal rum mellan Leo XIV och Abelardo de la Espriella, Colombias president. Under samtalet \u2013 enligt ett pressmeddelande fr\u00e5n Vatikanens pressrum \u2013 bekr\u00e4ftade p\u00e5ven \u201dsin solidaritet med alla dem som drabbats av de sv\u00e5ra f\u00f6ljderna av den nyligen intr\u00e4ffade jordb\u00e4vningen i Colombia, s\u00e4rskilt de anh\u00f6riga till de omkomna, de skadade, r\u00e4ddningspersonal och humanit\u00e4ra hj\u00e4lparbetare\u201d. Dessutom diskuterades situationen i landet och i de regioner som drabbats av jordb\u00e4vningen.<\/p>\n<p>Hundratals d\u00f6da och tusentals skadade <\/p>\n<p>Den 10 augusti drabbades Colombia av en jordb\u00e4vning med magnituden 7,4, vilket ledde till 329 d\u00f6da och omkring 4 600 skadade. Medan 247 personer fortfarande saknas ber\u00e4knas totalt \u00f6ver 314 000 personer ha drabbats av jordb\u00e4vningen. De mest drabbade omr\u00e5dena \u00e4r de v\u00e4stra delarna av landet, s\u00e4rskilt Cali och Pereira.<\/p>\n","protected":false},"excerpt":{"rendered":"Under ett telefonsamtal med Colombias president Abelardo de la Espriella den 2 september, uttryckte p\u00e5ven sin solidaritet med&hellip;\n","protected":false},"author":2,"featured_media":363920,"comment_status":"","ping_status":"","sticky":false,"template":"","format":"standard","meta":{"footnotes":"","_share_on_mastodon":"0"},"categories":[14],"tags":[22,23,26,27,17,21,24,25,28,29,15,16,18,34,31,33,32,30,19,20,51,52,53,54],"class_list":["post-363919","post","type-post","status-publish","format-standard","has-post-thumbnail","category-varlden","tag-breaking-news","tag-breakingnews","tag-featured-news","tag-featurednews","tag-headlines","tag-huvudnyheter","tag-latest-news","tag-latestnews","tag-main-news","tag-mainnews","tag-news","tag-nyheter","tag-rubriker","tag-se","tag-svenska","tag-sverige","tag-sweden","tag-swedish","tag-top-stories","tag-topstories","tag-varlden","tag-world","tag-world-news","tag-worldnews"],"share_on_mastodon":{"url":"https:\/\/pubeurope.com\/@se\/117205571093087890","error":""},"_links":{"self":[{"href":"https:\/\/www.europesays.com\/se\/wp-json\/wp\/v2\/posts\/363919","targetHints":{"allow":["GET"]}}],"collection":[{"href":"https:\/\/www.europesays.com\/se\/wp-json\/wp\/v2\/posts"}],"about":[{"href":"https:\/\/www.europesays.com\/se\/wp-json\/wp\/v2\/types\/post"}],"author":[{"embeddable":true,"href":"https:\/\/www.europesays.com\/se\/wp-json\/wp\/v2\/users\/2"}],"replies":[{"embeddable":true,"href":"https:\/\/www.europesays.com\/se\/wp-json\/wp\/v2\/comments?post=363919"}],"version-history":[{"count":0,"href":"https:\/\/www.europesays.com\/se\/wp-json\/wp\/v2\/posts\/363919\/revisions"}],"wp:featuredmedia":[{"embeddable":true,"href":"https:\/\/www.europesays.com\/se\/wp-json\/wp\/v2\/media\/363920"}],"wp:attachment":[{"href":"https:\/\/www.europesays.com\/se\/wp-json\/wp\/v2\/media?parent=363919"}],"wp:term":[{"taxonomy":"category","embeddable":true,"href":"https:\/\/www.europesays.com\/se\/wp-json\/wp\/v2\/categories?post=363919"},{"taxonomy":"post_tag","embeddable":true,"href":"https:\/\/www.europesays.com\/se\/wp-json\/wp\/v2\/tags?post=363919"}],"curies":[{"name":"wp","href":"https:\/\/api.w.org\/{rel}","templated":true}]}}