{"id":363921,"date":"2026-09-03T05:58:25","date_gmt":"2026-09-03T05:58:25","guid":{"rendered":"https:\/\/www.europesays.com\/se\/363921\/"},"modified":"2026-09-03T05:58:25","modified_gmt":"2026-09-03T05:58:25","slug":"val-i-region-stockholm-det-vill-partierna-med-psykiatri-vardkoerna-kollektivtrafiken-regionskatten-kulturbidraget","status":"publish","type":"post","link":"https:\/\/www.europesays.com\/se\/363921\/","title":{"rendered":"Val i Region Stockholm \u2013 det vill partierna med psykiatri, v\u00e5rdk\u00f6erna, kollektivtrafiken, regionskatten, kulturbidraget"},"content":{"rendered":"<p>Under mandatperioden har Region Stockholm genomf\u00f6rt en stor oml\u00e4ggning av hela psykiatrin i Stockholm i syfte att g\u00f6ra v\u00e5rden mer j\u00e4mlik. 2024 vann Wemind och Prima en upphandling av vuxenpsykiatrin som innebar en halvering av budgeten. Personal och patienter har larmat om nedlagda mottagningar och utebliven v\u00e5rd. Oppositionen har kr\u00e4vt att upphandlingen g\u00f6rs om.<\/p>\n<p>2023 meddelade regionen att man inte avser f\u00f6rnya avtalet med det privata v\u00e5rdf\u00f6retaget Mando, som drev Mandometerklinikerna i Stockholm. Klinikernas metoder hade f\u00e5tt \u00e5terkommande kritik. Efter att Mando f\u00f6rsvann fr\u00e5n \u00e4tst\u00f6rningsv\u00e5rden fick Stockholms centrum f\u00f6r \u00e4tst\u00f6rningar ett st\u00f6rre infl\u00f6de av patienter. V\u00e4ntetiderna har f\u00f6rkortats \u2013 samtidigt har patienter vittnat om allvarliga brister s\u00e5som o\u00e4tlig mat.<\/p>\n","protected":false},"excerpt":{"rendered":"Under mandatperioden har Region Stockholm genomf\u00f6rt en stor oml\u00e4ggning av hela psykiatrin i Stockholm i syfte att g\u00f6ra&hellip;\n","protected":false},"author":2,"featured_media":363922,"comment_status":"","ping_status":"","sticky":false,"template":"","format":"standard","meta":{"footnotes":"","_share_on_mastodon":"0"},"categories":[12],"tags":[22,23,26,27,17,21,24,25,28,29,15,16,18,34,31,33,32,30,19,20],"class_list":["post-363921","post","type-post","status-publish","format-standard","has-post-thumbnail","category-sverige","tag-breaking-news","tag-breakingnews","tag-featured-news","tag-featurednews","tag-headlines","tag-huvudnyheter","tag-latest-news","tag-latestnews","tag-main-news","tag-mainnews","tag-news","tag-nyheter","tag-rubriker","tag-se","tag-svenska","tag-sverige","tag-sweden","tag-swedish","tag-top-stories","tag-topstories"],"share_on_mastodon":{"url":"https:\/\/pubeurope.com\/@se\/117205578898294052","error":""},"_links":{"self":[{"href":"https:\/\/www.europesays.com\/se\/wp-json\/wp\/v2\/posts\/363921","targetHints":{"allow":["GET"]}}],"collection":[{"href":"https:\/\/www.europesays.com\/se\/wp-json\/wp\/v2\/posts"}],"about":[{"href":"https:\/\/www.europesays.com\/se\/wp-json\/wp\/v2\/types\/post"}],"author":[{"embeddable":true,"href":"https:\/\/www.europesays.com\/se\/wp-json\/wp\/v2\/users\/2"}],"replies":[{"embeddable":true,"href":"https:\/\/www.europesays.com\/se\/wp-json\/wp\/v2\/comments?post=363921"}],"version-history":[{"count":0,"href":"https:\/\/www.europesays.com\/se\/wp-json\/wp\/v2\/posts\/363921\/revisions"}],"wp:featuredmedia":[{"embeddable":true,"href":"https:\/\/www.europesays.com\/se\/wp-json\/wp\/v2\/media\/363922"}],"wp:attachment":[{"href":"https:\/\/www.europesays.com\/se\/wp-json\/wp\/v2\/media?parent=363921"}],"wp:term":[{"taxonomy":"category","embeddable":true,"href":"https:\/\/www.europesays.com\/se\/wp-json\/wp\/v2\/categories?post=363921"},{"taxonomy":"post_tag","embeddable":true,"href":"https:\/\/www.europesays.com\/se\/wp-json\/wp\/v2\/tags?post=363921"}],"curies":[{"name":"wp","href":"https:\/\/api.w.org\/{rel}","templated":true}]}}