{"id":363923,"date":"2026-09-03T06:00:07","date_gmt":"2026-09-03T06:00:07","guid":{"rendered":"https:\/\/www.europesays.com\/se\/363923\/"},"modified":"2026-09-03T06:00:07","modified_gmt":"2026-09-03T06:00:07","slug":"enorm-vandning-pa-gang-i-tyskland-inte-hant-pa-80-ar-marcus-oscarsson","status":"publish","type":"post","link":"https:\/\/www.europesays.com\/se\/363923\/","title":{"rendered":"\u201cEnorm v\u00e4ndning\u201d p\u00e5 g\u00e5ng i Tyskland \u2013 inte h\u00e4nt p\u00e5 80 \u00e5r &#8211; Marcus Oscarsson"},"content":{"rendered":"<ol>\n<li><a href=\"https:\/\/news.google.com\/rss\/articles\/CBMihwFBVV95cUxNRmNiX2l2UGFKUnp0aGhxV1NWcUdwNWJmSkRnNlZLYlFka3FUbHlzOGRYZUUzSHNmWEhvTm54dTkxcmRYeE5nb1gzVTZZYzJQR1ZlYnc4cDVoYmVjYU5kZUp6d0wwOGtQN3lIY3loaERld1I2TGVtWVBvZnFnc3c2Ny1rb0hkajQ?oc=5\" target=\"_blank\" rel=\"nofollow noopener\">\u201cEnorm v\u00e4ndning\u201d p\u00e5 g\u00e5ng i Tyskland \u2013 inte h\u00e4nt p\u00e5 80 \u00e5r<\/a>&nbsp;&nbsp;Marcus Oscarsson<\/li>\n<li><a href=\"https:\/\/news.google.com\/rss\/articles\/CBMijwFBVV95cUxOamVNUjZVczd1MFZ2RFlqeWI5RzNnR2FFTFVrVmJLZzNfYmJoRDdkazRZelFCYW1rM2IxaEtlZ180SklJdlRxRjc2WGJNRTFJcUc5dVZUc1R6b05CTEctZFhvY29tWV9uelA3M1Y0T0NGay10VXl4S215eFVfM0hXSkZVUGtFWmZYakFpYmhwVQ?oc=5\" target=\"_blank\" rel=\"nofollow noopener\">H\u00e5kan Bostr\u00f6m: Tyskt \u00f6desval n\u00e4rmar sig<\/a>&nbsp;&nbsp;G\u00f6teborgs-Posten<\/li>\n<li><a href=\"https:\/\/news.google.com\/rss\/articles\/CBMinwFBVV95cUxNUGZ4TnRFS3NvSm5jSEdXZm4tdGU4ZGowY05ubE5YbnRlbDVMN09fejhta3lzTnVKZDNXNWtLQlFGSWNMNmk1alVMVk1aYjdHWVI5NzJTVlBKdk5rdlkzMENUMDlJeDJqTUFaLW93bWxIN2lnaE9qNE1BZ2VrbVdIUFdlSnpvRF9sMWY0bUc0cS10Q0pXczcxNEp0TXc4S2s?oc=5\" target=\"_blank\" rel=\"nofollow noopener\">\u201dTysklands farligaste man\u201d kan vinna \u00f6desval<\/a>&nbsp;&nbsp;kvartal.se<\/li>\n<li><a href=\"https:\/\/news.google.com\/rss\/articles\/CBMiWkFVX3lxTE5sZFlEdXlLSlAyLWl1YzA5bzMxTUxsNVk4SGVrbEwycEJhYlBhLWpHSUZuY20zU2NhMEE5bDJnMjcyWmdIRVdKUFBVVnlvLWlQX3l3Mzl2VW43Zw?oc=5\" target=\"_blank\" rel=\"nofollow noopener\">AfD n\u00e5r 43 procent inf\u00f6r valet i Sachsen-Anhalt<\/a>&nbsp;&nbsp;HurBra.se<\/li>\n<li><a href=\"https:\/\/news.google.com\/rss\/articles\/CBMilgFBVV95cUxNR2xod0FKMnBWaWd0YW5mTTBjQmdfMG5kcnpPeU9ycDJPaTRGaE1ia2ZlN2Q4YTluNjVZV0Y1dUdxOFJua1JmaUZvc2tVNTVsT0hUaDdiTW9yUndFTTRjYnRkQ29wX2FhYTU5YVlEdHEtZDFiTFBPaks1Y3JwbTExQy1JV0NtMldHa2x4NDF5NlU1SGoxaXc?oc=5\" target=\"_blank\" rel=\"nofollow noopener\">AfD p\u00e5 v\u00e4g att vinna sitt f\u00f6rsta delstatsval<\/a>&nbsp;&nbsp;tidningensyre.se<\/li>\n<\/ol>\n","protected":false},"excerpt":{"rendered":"\u201cEnorm v\u00e4ndning\u201d p\u00e5 g\u00e5ng i Tyskland \u2013 inte h\u00e4nt p\u00e5 80 \u00e5r&nbsp;&nbsp;Marcus Oscarsson H\u00e5kan Bostr\u00f6m: Tyskt \u00f6desval n\u00e4rmar&hellip;\n","protected":false},"author":2,"featured_media":363924,"comment_status":"","ping_status":"","sticky":false,"template":"","format":"standard","meta":{"footnotes":"","_share_on_mastodon":"0"},"categories":[5],"tags":[22,23,26,27,17,21,24,25,28,29,15,16,18,34,31,33,32,30,19,20],"class_list":["post-363923","post","type-post","status-publish","format-standard","has-post-thumbnail","category-rubriker","tag-breaking-news","tag-breakingnews","tag-featured-news","tag-featurednews","tag-headlines","tag-huvudnyheter","tag-latest-news","tag-latestnews","tag-main-news","tag-mainnews","tag-news","tag-nyheter","tag-rubriker","tag-se","tag-svenska","tag-sverige","tag-sweden","tag-swedish","tag-top-stories","tag-topstories"],"share_on_mastodon":{"url":"https:\/\/pubeurope.com\/@se\/117205586784762193","error":""},"_links":{"self":[{"href":"https:\/\/www.europesays.com\/se\/wp-json\/wp\/v2\/posts\/363923","targetHints":{"allow":["GET"]}}],"collection":[{"href":"https:\/\/www.europesays.com\/se\/wp-json\/wp\/v2\/posts"}],"about":[{"href":"https:\/\/www.europesays.com\/se\/wp-json\/wp\/v2\/types\/post"}],"author":[{"embeddable":true,"href":"https:\/\/www.europesays.com\/se\/wp-json\/wp\/v2\/users\/2"}],"replies":[{"embeddable":true,"href":"https:\/\/www.europesays.com\/se\/wp-json\/wp\/v2\/comments?post=363923"}],"version-history":[{"count":0,"href":"https:\/\/www.europesays.com\/se\/wp-json\/wp\/v2\/posts\/363923\/revisions"}],"wp:featuredmedia":[{"embeddable":true,"href":"https:\/\/www.europesays.com\/se\/wp-json\/wp\/v2\/media\/363924"}],"wp:attachment":[{"href":"https:\/\/www.europesays.com\/se\/wp-json\/wp\/v2\/media?parent=363923"}],"wp:term":[{"taxonomy":"category","embeddable":true,"href":"https:\/\/www.europesays.com\/se\/wp-json\/wp\/v2\/categories?post=363923"},{"taxonomy":"post_tag","embeddable":true,"href":"https:\/\/www.europesays.com\/se\/wp-json\/wp\/v2\/tags?post=363923"}],"curies":[{"name":"wp","href":"https:\/\/api.w.org\/{rel}","templated":true}]}}