{"id":363931,"date":"2026-09-03T06:09:57","date_gmt":"2026-09-03T06:09:57","guid":{"rendered":"https:\/\/www.europesays.com\/se\/363931\/"},"modified":"2026-09-03T06:09:57","modified_gmt":"2026-09-03T06:09:57","slug":"loshundsjakt-ifragasatts-vem-tar-ansvar-for-hunden","status":"publish","type":"post","link":"https:\/\/www.europesays.com\/se\/363931\/","title":{"rendered":"L\u00f6shundsjakt ifr\u00e5gas\u00e4tts &#8211; vem tar ansvar f\u00f6r hunden?"},"content":{"rendered":"<p>INS\u00c4NDARE<\/p>\n<p class=\"wp-block-paragraph\"><strong>I en debattartikel i Svensk Jakt den 31 augusti 2026 skriver en person, som beskriver sig som en \u201dhelt vanlig hund\u00e4gande j\u00e4gare\u201d, om fyra f\u00f6rlorade \u00e5r i vargfr\u00e5gan.<\/strong><\/p>\n<p class=\"wp-block-paragraph\"><strong>Han beskriver bland annat en \u201dolustig k\u00e4nsla av att vi \u00e4r p\u00e5 v\u00e4g att f\u00f6rlora jakten med v\u00e5ra drivande hundar\u201d.<\/strong><\/p>\n<p class=\"wp-block-paragraph\">Det b\u00f6r samtidigt p\u00e5pekas att Naturv\u00e5rdsverkets senaste inventering uppskattar den svenska vargstammen till omkring 355 djur.<\/p>\n<p class=\"wp-block-paragraph\">Det \u00e4r samma niv\u00e5 som f\u00f6reg\u00e5ende \u00e5r och l\u00e4gre \u00e4n 2022.<\/p>\n<p class=\"wp-block-paragraph\">Svenska J\u00e4garef\u00f6rbundet skriver i sin beskrivning av den goda jaktetiken att det alltid ska finnas en m\u00f6jlighet f\u00f6r djuret att undkomma j\u00e4garen.<\/p>\n<p class=\"wp-block-paragraph\">F\u00f6rbundet skriver ocks\u00e5 att allt vilt har lika v\u00e4rde och ska behandlas med samma respekt \u2013 fr\u00e5n den minsta krickan till den st\u00f6rsta \u00e4lgtjuren.<\/p>\n<p class=\"wp-block-paragraph\">Som jag ser det m\u00e5ste den principen rimligen \u00e4ven omfatta vargen och andra rovdjur.<\/p>\n<p class=\"wp-block-paragraph\">Jakt med l\u00f6s hund kan inneb\u00e4ra f\u00f6rf\u00f6ljande och stress f\u00f6r viltet.<\/p>\n<p class=\"wp-block-paragraph\">Hur stor p\u00e5frestningen blir varierar bland annat beroende p\u00e5 hundens arbetss\u00e4tt, terr\u00e4ngen, v\u00e4dret och hur l\u00e4nge jakten p\u00e5g\u00e5r.<\/p>\n<p>Inga on\u00f6diga p\u00e5frestningar<\/p>\n<p class=\"wp-block-paragraph\">Jaktf\u00f6rordningen sl\u00e5r redan fast att jakt med hund ska bedrivas p\u00e5 ett s\u00e5dant s\u00e4tt att viltet inte uts\u00e4tts f\u00f6r on\u00f6diga p\u00e5frestningar.<\/p>\n<p class=\"wp-block-paragraph\">En hund som jagar p\u00e5 ett ol\u00e4mpligt s\u00e4tt ska dessutom kopplas s\u00e5 snart som m\u00f6jligt.<\/p>\n<p class=\"wp-block-paragraph\">\u00c4r l\u00e5ngvariga f\u00f6rf\u00f6ljanden f\u00f6renliga med principen att djuret ska f\u00e5 en rimlig chans att undkomma?<\/p>\n<p class=\"wp-block-paragraph\">Att j\u00e4gare oroar sig f\u00f6r sina hundar \u00e4r fullt begripligt.<\/p>\n<p class=\"wp-block-paragraph\">Men hund\u00e4garen har samtidigt ett ansvar f\u00f6r de risker som hunden uts\u00e4tts f\u00f6r.<\/p>\n<p class=\"wp-block-paragraph\">Jag har sv\u00e5rt att se hur omsorgen om hunden g\u00e5r ihop med att medvetet sl\u00e4ppa den i ett omr\u00e5de d\u00e4r risken f\u00f6r vargangrepp \u00e4r k\u00e4nd.<\/p>\n<p class=\"wp-block-paragraph\">Jag anser att det b\u00f6r vara f\u00f6rbjudet att sl\u00e4ppa jakthundar l\u00f6sa i k\u00e4nda vargrevir.<\/p>\n<p class=\"wp-block-paragraph\">En l\u00f6s jakthund kan ocks\u00e5 bli p\u00e5k\u00f6rd, skadas av ett vildsvin, drunkna, bli skjuten eller f\u00f6rsvinna.<\/p>\n<p class=\"wp-block-paragraph\">Agrias skadestatistik f\u00f6r f\u00f6rs\u00e4krade hundar visar att s\u00e5dana olyckor intr\u00e4ffar.<\/p>\n<p class=\"wp-block-paragraph\">F\u00f6rlora jakten och en livsstil?<\/p>\n<p>Ett f\u00f6rslag<\/p>\n<p class=\"wp-block-paragraph\">Mitt f\u00f6rslag \u00e4r att jakt med kopplad hund ska vara huvudregel, med m\u00f6jlighet till tydligt avgr\u00e4nsade undantag, exempelvis vid efters\u00f6k. D\u00e5 f\u00e5r viltet st\u00f6rre m\u00f6jlighet att undkomma samtidigt som hunden skyddas b\u00e4ttre.<\/p>\n<p class=\"wp-block-paragraph\">I friskv\u00e5rdens anda: Kliv ner fr\u00e5n jakttornet, koppla hunden och g\u00e5 ut p\u00e5 jakt tillsammans.<\/p>\n<p class=\"wp-block-paragraph\">Varf\u00f6r inte ocks\u00e5 anv\u00e4nda en kroppskamera f\u00f6r att dokumentera jakten? D\u00e5 kan h\u00e4ndelsef\u00f6rloppet i efterhand granskas om det uppst\u00e5r fr\u00e5gor om hur jakten har bedrivits.<\/p>\n<p class=\"wp-block-paragraph\">B\u00e5de jakten och livsstilen kan beh\u00e5llas \u2013 samtidigt som h\u00e4nsynen till b\u00e5de viltet och hundarna st\u00e4rks.<\/p>\n<p class=\"wp-block-paragraph\"><strong>Mikael Beckman<\/strong><\/p>\n<p class=\"wp-block-paragraph\"><strong>T\u00e4by<\/strong><\/p>\n<p class=\"wp-block-paragraph\"><a href=\"https:\/\/www.oskarshamns-nytt.se\/category\/opinion\/insandare\/\" data-type=\"category\" data-id=\"11029\" rel=\"nofollow noopener\" target=\"_blank\">L\u00e4s fler ins\u00e4ndare h\u00e4r<\/a><\/p>\n","protected":false},"excerpt":{"rendered":"INS\u00c4NDARE I en debattartikel i Svensk Jakt den 31 augusti 2026 skriver en person, som beskriver sig som&hellip;\n","protected":false},"author":2,"featured_media":363932,"comment_status":"","ping_status":"","sticky":false,"template":"","format":"standard","meta":{"footnotes":"","_share_on_mastodon":"0"},"categories":[12],"tags":[22,23,26,27,17,21,24,25,28,29,15,16,18,34,31,33,32,30,19,20],"class_list":["post-363931","post","type-post","status-publish","format-standard","has-post-thumbnail","category-sverige","tag-breaking-news","tag-breakingnews","tag-featured-news","tag-featurednews","tag-headlines","tag-huvudnyheter","tag-latest-news","tag-latestnews","tag-main-news","tag-mainnews","tag-news","tag-nyheter","tag-rubriker","tag-se","tag-svenska","tag-sverige","tag-sweden","tag-swedish","tag-top-stories","tag-topstories"],"share_on_mastodon":{"url":"https:\/\/pubeurope.com\/@se\/117205625924222674","error":""},"_links":{"self":[{"href":"https:\/\/www.europesays.com\/se\/wp-json\/wp\/v2\/posts\/363931","targetHints":{"allow":["GET"]}}],"collection":[{"href":"https:\/\/www.europesays.com\/se\/wp-json\/wp\/v2\/posts"}],"about":[{"href":"https:\/\/www.europesays.com\/se\/wp-json\/wp\/v2\/types\/post"}],"author":[{"embeddable":true,"href":"https:\/\/www.europesays.com\/se\/wp-json\/wp\/v2\/users\/2"}],"replies":[{"embeddable":true,"href":"https:\/\/www.europesays.com\/se\/wp-json\/wp\/v2\/comments?post=363931"}],"version-history":[{"count":0,"href":"https:\/\/www.europesays.com\/se\/wp-json\/wp\/v2\/posts\/363931\/revisions"}],"wp:featuredmedia":[{"embeddable":true,"href":"https:\/\/www.europesays.com\/se\/wp-json\/wp\/v2\/media\/363932"}],"wp:attachment":[{"href":"https:\/\/www.europesays.com\/se\/wp-json\/wp\/v2\/media?parent=363931"}],"wp:term":[{"taxonomy":"category","embeddable":true,"href":"https:\/\/www.europesays.com\/se\/wp-json\/wp\/v2\/categories?post=363931"},{"taxonomy":"post_tag","embeddable":true,"href":"https:\/\/www.europesays.com\/se\/wp-json\/wp\/v2\/tags?post=363931"}],"curies":[{"name":"wp","href":"https:\/\/api.w.org\/{rel}","templated":true}]}}