{"id":363941,"date":"2026-09-03T06:20:35","date_gmt":"2026-09-03T06:20:35","guid":{"rendered":"https:\/\/www.europesays.com\/se\/363941\/"},"modified":"2026-09-03T06:20:35","modified_gmt":"2026-09-03T06:20:35","slug":"senaste-nytt-om-valet-2026-131","status":"publish","type":"post","link":"https:\/\/www.europesays.com\/se\/363941\/","title":{"rendered":"Senaste nytt om valet 2026"},"content":{"rendered":"<p>I kv\u00e4llens Aktuellt m\u00f6ttes Anders Ygeman (S) utbildningspolitisk talesperson, och justitieminister Gunnar Str\u00f6mmer (M), f\u00f6r att debattera om vinstdrivande aktiebolag ska f\u00e5 driva skolor.<\/p>\n<p>S \u00e4r emot vinster i skolan.<\/p>\n<p>\u2013 Vi har fler \u00e4n n\u00e5gonsin som g\u00e5r ut svensk skola utan godk\u00e4nda betyg. Samtidigt g\u00e5r 8,5 miljarder kronor som skulle g\u00e5tt till l\u00e4rare och l\u00e4romedel ut i vinst. Det g\u00e5r till jaktslott, v\u00e5ffelstugor och sportbilar, s\u00e4ger Ygeman (S).<\/p>\n<p>\u2013 Vi vill helt enkelt ta tillbaka pengarna till klassrummen, forts\u00e4tter han.<\/p>\n<p>M vill att fokus ska ligga p\u00e5 bra skolor, oavsett driftform. Enligt Str\u00f6mmer (M) har regeringen ocks\u00e5 sk\u00e4rpt reglerna runt friskolan.<\/p>\n<p>\u2013 Vi har starkare tillsyn och kontroll. Vi ser \u00f6ver m\u00f6jligheterna att ta ut vinster i vissa l\u00e4gen och vi ser \u00f6ver hela betygssystemet s\u00e5 att man inte ska kunna konkurrera med gl\u00e4djebetyg, s\u00e4ger Str\u00f6mmer (M).<\/p>\n<p><a href=\"https:\/\/www.svtplay.se\/video\/jGVVXbE\/aktuellt\/11-dagar-till-valet-gapet-minskar?video=visa&amp;position=224\" rel=\"nofollow noopener\" target=\"_blank\">Se hela debatten, d\u00e4r fr\u00e5gan om ordningsbetyg ocks\u00e5 tas upp, h\u00e4r.<\/a><\/p>\n","protected":false},"excerpt":{"rendered":"I kv\u00e4llens Aktuellt m\u00f6ttes Anders Ygeman (S) utbildningspolitisk talesperson, och justitieminister Gunnar Str\u00f6mmer (M), f\u00f6r att debattera om&hellip;\n","protected":false},"author":2,"featured_media":363942,"comment_status":"","ping_status":"","sticky":false,"template":"","format":"standard","meta":{"footnotes":"","_share_on_mastodon":"0"},"categories":[12],"tags":[22,23,26,27,17,21,24,25,28,29,15,16,18,34,31,33,32,30,19,20],"class_list":["post-363941","post","type-post","status-publish","format-standard","has-post-thumbnail","category-sverige","tag-breaking-news","tag-breakingnews","tag-featured-news","tag-featurednews","tag-headlines","tag-huvudnyheter","tag-latest-news","tag-latestnews","tag-main-news","tag-mainnews","tag-news","tag-nyheter","tag-rubriker","tag-se","tag-svenska","tag-sverige","tag-sweden","tag-swedish","tag-top-stories","tag-topstories"],"share_on_mastodon":{"url":"https:\/\/pubeurope.com\/@se\/117205665489666037","error":""},"_links":{"self":[{"href":"https:\/\/www.europesays.com\/se\/wp-json\/wp\/v2\/posts\/363941","targetHints":{"allow":["GET"]}}],"collection":[{"href":"https:\/\/www.europesays.com\/se\/wp-json\/wp\/v2\/posts"}],"about":[{"href":"https:\/\/www.europesays.com\/se\/wp-json\/wp\/v2\/types\/post"}],"author":[{"embeddable":true,"href":"https:\/\/www.europesays.com\/se\/wp-json\/wp\/v2\/users\/2"}],"replies":[{"embeddable":true,"href":"https:\/\/www.europesays.com\/se\/wp-json\/wp\/v2\/comments?post=363941"}],"version-history":[{"count":0,"href":"https:\/\/www.europesays.com\/se\/wp-json\/wp\/v2\/posts\/363941\/revisions"}],"wp:featuredmedia":[{"embeddable":true,"href":"https:\/\/www.europesays.com\/se\/wp-json\/wp\/v2\/media\/363942"}],"wp:attachment":[{"href":"https:\/\/www.europesays.com\/se\/wp-json\/wp\/v2\/media?parent=363941"}],"wp:term":[{"taxonomy":"category","embeddable":true,"href":"https:\/\/www.europesays.com\/se\/wp-json\/wp\/v2\/categories?post=363941"},{"taxonomy":"post_tag","embeddable":true,"href":"https:\/\/www.europesays.com\/se\/wp-json\/wp\/v2\/tags?post=363941"}],"curies":[{"name":"wp","href":"https:\/\/api.w.org\/{rel}","templated":true}]}}