{"id":36395,"date":"2025-09-22T06:58:06","date_gmt":"2025-09-22T06:58:06","guid":{"rendered":"https:\/\/www.europesays.com\/se\/36395\/"},"modified":"2025-09-22T06:58:06","modified_gmt":"2025-09-22T06:58:06","slug":"uppgifter-brynasspelarna-jagas-av-shl-konkurrenter","status":"publish","type":"post","link":"https:\/\/www.europesays.com\/se\/36395\/","title":{"rendered":"Uppgifter: Bryn\u00e4sspelarna jagas av SHL-konkurrenter"},"content":{"rendered":"<p><strong>Jack Kopacka och Bobby Trivignos avtal med Bryn\u00e4s l\u00f6per ut efter den h\u00e4r s\u00e4songen.<br \/>D\u00e5 uppger <a href=\"https:\/\/www.expressen.se\/sport\/hockey\/shl\/vill-forlanga-men-konkurrenter-attraheras-av-brynasspelarna\/\" rel=\"nofollow noopener\" target=\"_blank\">Expressen<\/a> att SHL-konkurrenter redan nu b\u00f6rjat visa ett tydligt intresse f\u00f6r spelarna.<\/strong><\/p>\n<p><img loading=\"lazy\" decoding=\"async\" width=\"1024\" height=\"658\" src=\"https:\/\/www.europesays.com\/se\/wp-content\/uploads\/2025\/09\/241130JC061-1024x658.webp.webp\" alt=\"Jack Kopacka och Bobby Trivigno\" class=\"wp-image-305858\"  \/>Jack Kopacka och Bobby Trivigno.<br \/><strong>Foto:<\/strong> Jens Carlsson\/Bildbyr\u00e5n<\/p>\n<p>B\u00e5de <a href=\"https:\/\/hockeysverige.se\/spelare\/jack-kopacka\/\" rel=\"nofollow noopener\" target=\"_blank\">Jack Kopacka<\/a> och <a href=\"https:\/\/hockeysverige.se\/spelare\/bobby-trivigno\/\" rel=\"nofollow noopener\" target=\"_blank\">Bobby Trivigno<\/a> hade starka debuts\u00e4songer i <a href=\"https:\/\/hockeysverige.se\/shl\/\" rel=\"nofollow noopener\" target=\"_blank\">SHL<\/a> med <a href=\"https:\/\/hockeysverige.se\/klubb\/brynas-if\/\" rel=\"nofollow noopener\" target=\"_blank\">Bryn\u00e4s<\/a> f\u00f6rra s\u00e4songen. Kopacka sk\u00f6t 18 m\u00e5l och noterades f\u00f6r 34 po\u00e4ng p\u00e5 52 matcher, medan Trivigno stod f\u00f6r 17 m\u00e5l och 31 po\u00e4ng p\u00e5 49 matcher f\u00f6r G\u00e4vle-laget.<\/p>\n<p>Den h\u00e4r s\u00e4songen har Kopacka och Trivigno inlett s\u00e4songen med att g\u00f6ra fem respektive tre po\u00e4ng vardera \u2013 och med varsitt utg\u00e5ende kontrakt har amerikanernas framfart inte g\u00e5tt SHL-klubbarna obem\u00e4rkt f\u00f6rbi. Enligt Expressen har konkurrenter redan nu b\u00f6rjat visa ett tydligt intresse f\u00f6r spelarna inf\u00f6r s\u00e4songen 2026\/27.<\/p>\n<p>Vilken eller vilka klubbar det r\u00f6r sig om \u00e4r i nul\u00e4get oklart.<\/p>\n<p>L\u00f6ne\u00f6kning att v\u00e4nta?<\/p>\n<p>Samtidigt uppges Bryn\u00e4s vara intresserade av att f\u00f6rl\u00e4nga spelarnas kontrakt, \u00e4ven om det enligt Expressen l\u00e4r komma med en l\u00f6ne\u00f6kning fr\u00e5n deras nuvarande l\u00f6ner. Tidigare har <a href=\"https:\/\/www.expressen.se\/sport\/hockey\/shl\/unik-genomgang-sa-mycket-tjanar-spelarna-i-shl-20252026\/\" rel=\"nofollow noopener\" target=\"_blank\">tidningen rapporterat<\/a> att Kopacka har en \u00e5rsl\u00f6n p\u00e5 cirka 130 000 euro per s\u00e4song, medan Trivigno tj\u00e4nar cirka 90 000 euro per s\u00e4song.<\/p>\n<p>Enligt Expressen ska b\u00e5de Kopacka och Trivigno vara intresserade av att stanna i Bryn\u00e4s \u00e4ven efter denna s\u00e4song.<\/p>\n","protected":false},"excerpt":{"rendered":"Jack Kopacka och Bobby Trivignos avtal med Bryn\u00e4s l\u00f6per ut efter den h\u00e4r s\u00e4songen.D\u00e5 uppger Expressen att SHL-konkurrenter&hellip;\n","protected":false},"author":2,"featured_media":36396,"comment_status":"","ping_status":"","sticky":false,"template":"","format":"standard","meta":{"footnotes":""},"categories":[68],"tags":[34,133,134,111,110,31,33,32,30],"class_list":{"0":"post-36395","1":"post","2":"type-post","3":"status-publish","4":"format-standard","5":"has-post-thumbnail","7":"category-sport","8":"tag-se","9":"tag-second-news","10":"tag-shl","11":"tag-sport","12":"tag-sports","13":"tag-svenska","14":"tag-sverige","15":"tag-sweden","16":"tag-swedish"},"share_on_mastodon":{"url":"","error":""},"_links":{"self":[{"href":"https:\/\/www.europesays.com\/se\/wp-json\/wp\/v2\/posts\/36395","targetHints":{"allow":["GET"]}}],"collection":[{"href":"https:\/\/www.europesays.com\/se\/wp-json\/wp\/v2\/posts"}],"about":[{"href":"https:\/\/www.europesays.com\/se\/wp-json\/wp\/v2\/types\/post"}],"author":[{"embeddable":true,"href":"https:\/\/www.europesays.com\/se\/wp-json\/wp\/v2\/users\/2"}],"replies":[{"embeddable":true,"href":"https:\/\/www.europesays.com\/se\/wp-json\/wp\/v2\/comments?post=36395"}],"version-history":[{"count":0,"href":"https:\/\/www.europesays.com\/se\/wp-json\/wp\/v2\/posts\/36395\/revisions"}],"wp:featuredmedia":[{"embeddable":true,"href":"https:\/\/www.europesays.com\/se\/wp-json\/wp\/v2\/media\/36396"}],"wp:attachment":[{"href":"https:\/\/www.europesays.com\/se\/wp-json\/wp\/v2\/media?parent=36395"}],"wp:term":[{"taxonomy":"category","embeddable":true,"href":"https:\/\/www.europesays.com\/se\/wp-json\/wp\/v2\/categories?post=36395"},{"taxonomy":"post_tag","embeddable":true,"href":"https:\/\/www.europesays.com\/se\/wp-json\/wp\/v2\/tags?post=36395"}],"curies":[{"name":"wp","href":"https:\/\/api.w.org\/{rel}","templated":true}]}}