{"id":363955,"date":"2026-09-03T06:28:27","date_gmt":"2026-09-03T06:28:27","guid":{"rendered":"https:\/\/www.europesays.com\/se\/363955\/"},"modified":"2026-09-03T06:28:27","modified_gmt":"2026-09-03T06:28:27","slug":"l-topp-till-varlden-idag-prioritera-judisk-sakerhet","status":"publish","type":"post","link":"https:\/\/www.europesays.com\/se\/363955\/","title":{"rendered":"L-topp till V\u00e4rlden idag: Prioritera judisk s\u00e4kerhet"},"content":{"rendered":"<p class=\"kicker t16 tm16 primary color_mobile_primary hasTextColor hasTextColorMobile\" style=\"\">Valet 2026<\/p>\n<p>\n        Liberalernas Joar Forssell tror, trots de svaga opinionssiffrorna, att hans parti kommer att n\u00e5 \u00f6ver fyra procent i valet.<br \/>\n        Henrik Montgomery\/TT\n    <\/p>\n<p class=\"subtitle t20 tm18\" style=\"\">Reaktionerna p\u00e5 att Simona Mohamsson bar en davidsstj\u00e4rna \u00e4r skr\u00e4mmande, s\u00e4ger Joar Forssell (L) i en intervju med V\u00e4rlden\u00a0idag. Liberalerna vill nu se en rad \u00e5tg\u00e4rder f\u00f6r att trycka tillbaka hatet mot judar i\u00a0Sverige.<\/p>\n<p>\u2013 Vi f\u00f6resl\u00e5r en bred folkbildnings\u00adkampanj om nutida antisemitism.<\/p>\n<p>Det \u00e4r en minst sagt upptagen Joar Forssell som tar sig tid att prata med V\u00e4rlden\u00a0idag i valr\u00f6relsens slutskede. Som ordf\u00f6rande i\u00a0riksdagens utbildnings\u00adutskott och talesperson i\u00a0partiets hj\u00e4rtefr\u00e5ga, skolpolitiken, \u00e4r\u00a0tempot h\u00f6gt. <\/p>\n<p>                ERBJUDANDE!<br \/>\n<br \/>V\u00e4rlden idag DIGITAL<br \/>\n                2 m\u00e5nader f\u00f6r 10 kr!<\/p>\n<p>\n                    <a style=\"\" class=\"lab-paywall-teaser-offer-button\" href=\"https:\/\/api.varldenidag.se\/paywall\/order?providerUrl=https%3A%2F%2Forder.flowy.se%2Fvarldenidag%2Fvarldenidagdigital%2F3990%2Fuserform%3FcouponNumber%3D124&amp;siteAlias=varldenidag&amp;&amp;siteId=2&amp;contentUrl=https%3A%2F%2Fwww.varldenidag.se%2Fnyheter%2Fl-topp-till-vaerlden-idag-prioritera-judisk-saekerhet%2F937293\" rel=\"nofollow noopener\" target=\"_blank\">K\u00d6P<\/a>\n                <\/p>\n<p>                V\u00e4rlden idag<br \/>\n<br \/>DIGITAL<br \/>\n                139,-<\/p>\n<p class=\"price_description\">kr\/m\u00e5nad \u200b\u200b\u200b\u200b\u200b\u200b<\/p>\n<p>\n                    <a style=\"\" class=\"lab-paywall-teaser-offer-button\" href=\"https:\/\/order.flowy.se\/varldenidag\/varldenidagdigital\" rel=\"nofollow noopener\" target=\"_blank\">K\u00d6P<\/a>\n                <\/p>\n<p>                V\u00e4rlden idag<br \/>\n<br \/>PAPPER<br \/>\n                229,-<\/p>\n<p class=\"price_description\">kr\/m\u00e5nad \u200b\u200b\u200b\u200b\u200b\u200b<\/p>\n<p>\n                    <a style=\"\" class=\"lab-paywall-teaser-offer-button\" href=\"https:\/\/order.flowy.se\/varldenidag\/varldenidag\" rel=\"nofollow noopener\" target=\"_blank\">K\u00d6P<\/a>\n                <\/p>\n","protected":false},"excerpt":{"rendered":"Valet 2026 Liberalernas Joar Forssell tror, trots de svaga opinionssiffrorna, att hans parti kommer att n\u00e5 \u00f6ver fyra&hellip;\n","protected":false},"author":2,"featured_media":363956,"comment_status":"","ping_status":"","sticky":false,"template":"","format":"standard","meta":{"footnotes":"","_share_on_mastodon":"0"},"categories":[12],"tags":[22,23,26,27,17,21,24,25,28,29,15,16,18,34,31,33,32,30,19,20],"class_list":["post-363955","post","type-post","status-publish","format-standard","has-post-thumbnail","category-sverige","tag-breaking-news","tag-breakingnews","tag-featured-news","tag-featurednews","tag-headlines","tag-huvudnyheter","tag-latest-news","tag-latestnews","tag-main-news","tag-mainnews","tag-news","tag-nyheter","tag-rubriker","tag-se","tag-svenska","tag-sverige","tag-sweden","tag-swedish","tag-top-stories","tag-topstories"],"share_on_mastodon":{"url":"https:\/\/pubeurope.com\/@se\/117205696867499729","error":""},"_links":{"self":[{"href":"https:\/\/www.europesays.com\/se\/wp-json\/wp\/v2\/posts\/363955","targetHints":{"allow":["GET"]}}],"collection":[{"href":"https:\/\/www.europesays.com\/se\/wp-json\/wp\/v2\/posts"}],"about":[{"href":"https:\/\/www.europesays.com\/se\/wp-json\/wp\/v2\/types\/post"}],"author":[{"embeddable":true,"href":"https:\/\/www.europesays.com\/se\/wp-json\/wp\/v2\/users\/2"}],"replies":[{"embeddable":true,"href":"https:\/\/www.europesays.com\/se\/wp-json\/wp\/v2\/comments?post=363955"}],"version-history":[{"count":0,"href":"https:\/\/www.europesays.com\/se\/wp-json\/wp\/v2\/posts\/363955\/revisions"}],"wp:featuredmedia":[{"embeddable":true,"href":"https:\/\/www.europesays.com\/se\/wp-json\/wp\/v2\/media\/363956"}],"wp:attachment":[{"href":"https:\/\/www.europesays.com\/se\/wp-json\/wp\/v2\/media?parent=363955"}],"wp:term":[{"taxonomy":"category","embeddable":true,"href":"https:\/\/www.europesays.com\/se\/wp-json\/wp\/v2\/categories?post=363955"},{"taxonomy":"post_tag","embeddable":true,"href":"https:\/\/www.europesays.com\/se\/wp-json\/wp\/v2\/tags?post=363955"}],"curies":[{"name":"wp","href":"https:\/\/api.w.org\/{rel}","templated":true}]}}