{"id":363977,"date":"2026-09-03T06:43:09","date_gmt":"2026-09-03T06:43:09","guid":{"rendered":"https:\/\/www.europesays.com\/se\/363977\/"},"modified":"2026-09-03T06:43:09","modified_gmt":"2026-09-03T06:43:09","slug":"valet-handlar-om-ditt-liv-darfor-maste-kristerssons-regering-bort-arbetet","status":"publish","type":"post","link":"https:\/\/www.europesays.com\/se\/363977\/","title":{"rendered":"\u201dValet handlar om ditt liv \u2013 d\u00e4rf\u00f6r m\u00e5ste Kristerssons regering bort\u201d \u2013 Arbetet"},"content":{"rendered":"<p>Det finns en period i livet n\u00e4r mycket h\u00e4nder p\u00e5 v\u00e4ldigt kort tid.<\/p>\n<p>Kanske g\u00e5r du fortfarande i skolan. Kanske tog du studenten i somras eller f\u00f6rra \u00e5ret. Kanske har du f\u00e5tt ditt f\u00f6rsta jobb, pluggar vidare eller s\u00f6ker jobb och v\u00e4ntar p\u00e5 att n\u00e5gon ska ge dig chansen.<\/p>\n<p>Den 13 september r\u00f6star n\u00e4stan en halv miljon unga f\u00f6r f\u00f6rsta g\u00e5ngen. Kanske \u00e4r du en av dem.<\/p>\n<p>Du beh\u00f6ver inte \u00e4lska politik, f\u00f6lja partiledardebatterna eller veta vad alla ministrar heter.<\/p>\n<p>Men du kommer att leva med besluten som fattas efter valet.<\/p>\n<p>De p\u00e5verkar om jobbet finns n\u00e4r du s\u00f6ker det, vad som h\u00e4nder med din ekonomi n\u00e4r du blir sjuk och vilka villkor som m\u00f6ter dig p\u00e5 jobbet. <\/p>\n<p>Det \u00e4r l\u00e4tt att tro att mycket av det d\u00e4r bara kommer att ordna sig. Det trodde kanske dina f\u00f6r\u00e4ldrar ocks\u00e5 n\u00e4r de var i din \u00e5lder.<\/p>\n<p>Jobb m\u00e5ste finnas<\/p>\n<p>Ett jobb betyder mer \u00e4n pengar p\u00e5 kontot. Det ger frihet att st\u00e5 p\u00e5 egna ben, planera fram\u00e5t och kanske f\u00e5 nyckeln till en egen d\u00f6rr.<\/p>\n<p>Men d\u00e5 m\u00e5ste jobbet finnas.<\/p>\n<p>I dag g\u00e5r alldeles f\u00f6r m\u00e5nga utan arbete samtidigt som Sverige har massor som beh\u00f6ver g\u00f6ras. <\/p>\n<p>Bost\u00e4der beh\u00f6ver byggas, j\u00e4rnv\u00e4gen rustas, v\u00e4lf\u00e4rden beh\u00f6ver fler kollegor och industrin beh\u00f6ver investeringar f\u00f6r att v\u00e4xa och skapa jobb.<\/p>\n<p>Vill du jobba ska du f\u00e5 chansen. Du ska inte beh\u00f6va v\u00e4nja dig vid arbetsl\u00f6shet som om det vore n\u00e5got Sverige inte kan g\u00f6ra n\u00e5got \u00e5t.<\/p>\n<p>Sverige beh\u00f6ver s\u00e4ttas i arbete.<\/p>\n<p>Inte ditt fel att du blir sjuk<\/p>\n<p>Har du redan b\u00f6rjat jobba har du kanske ocks\u00e5 uppt\u00e4ckt att arbetslivet inte ser likadant ut f\u00f6r alla. <\/p>\n<p>En del kan vakna med ont i halsen, \u00f6ppna datorn och jobba hemifr\u00e5n. Andra m\u00e5ste vara bredvid en patient, ett barn, en maskin, en pall eller en kassa f\u00f6r att jobbet ska bli gjort.<\/p>\n<p>Blir du sjuk d\u00e5 f\u00f6rsvinner pengar fr\u00e5n l\u00f6nen. Inte f\u00f6r att du gjort n\u00e5got fel. Du blev bara sjuk. D\u00e4rf\u00f6r ska karensavdraget bort.<\/p>\n<p>N\u00e4r du \u00e4r ny p\u00e5 jobbet ska du f\u00e5 fr\u00e5ga, l\u00e4ra dig och v\u00e4xa in i jobbet. <\/p>\n<p>Du ska inte beh\u00f6va vara expert p\u00e5 arbetsr\u00e4tt f\u00f6r att f\u00f6rst\u00e5 om din arbetsgivare fuskar eller uppt\u00e4cka f\u00f6r sent att f\u00f6retaget tj\u00e4nar pengar p\u00e5 att utnyttja m\u00e4nniskor.<\/p>\n<p>Kriminella ska inte f\u00e5 tj\u00e4na pengar p\u00e5 att m\u00e4nniskor utnyttjas, och f\u00f6retag som fuskar ska inte kunna konkurrera ut dem som g\u00f6r r\u00e4tt f\u00f6r sig. Det ska vara sv\u00e5rt att fuska och l\u00e4tt att \u00e5ka fast.<\/p>\n<p>Arbetslivskriminaliteten m\u00e5ste kn\u00e4ckas.<\/p>\n<p>H\u00f6ja pensionerna, inte pensions\u00e5ldern<\/p>\n<p>Och s\u00e5 pensionen. N\u00e5got du egentligen inte ens ska beh\u00f6va oroa dig f\u00f6r nu. <\/p>\n<p>Men som det ser ut i dag finns det faktiskt anledning att g\u00f6ra det.<\/p>\n<p>Trots ett helt arbetsliv \u00e4r det l\u00e5ngt ifr\u00e5n sj\u00e4lvklart att pensionen kommer att r\u00e4cka. Och f\u00f6r den som slitit i fysiskt tunga jobb kan varje extra arbets\u00e5r vara sv\u00e5rt att orka.<\/p>\n<p>Har du jobbat och slitit ett helt arbetsliv ska du ocks\u00e5 kunna leva n\u00e4r jobbet \u00e4r gjort. D\u00e4rf\u00f6r vill vi h\u00f6ja pensionerna, inte pensions\u00e5ldern.<\/p>\n<p>Jobbet du s\u00f6ker eller redan g\u00e5r till. Sjukdagen som kostar pengar. Tryggheten p\u00e5 jobbet. Pensionen som du egentligen inte ens ska beh\u00f6va t\u00e4nka p\u00e5 \u00e4n.<\/p>\n<p>Allt h\u00e4nger ihop med vilket Sverige du ska leva i och vilken trygghet du ska kunna r\u00e4kna med.<\/p>\n<p>N\u00e5gon \u00f6ppnar butiken p\u00e5 morgonen, k\u00f6r bussen, tar hand om din mormor, bygger v\u00e5ra bost\u00e4der, st\u00e4dar, lagar maten och h\u00e5ller industrin ig\u00e5ng.<\/p>\n<p>Kanske har du sett din mamma eller pappa g\u00f6ra det hela ditt liv. Kanske g\u00f6r du det redan sj\u00e4lv.<\/p>\n<p>Din r\u00f6st<\/p>\n<p>Efter fyra \u00e5r med den h\u00e4r regeringen \u00e4r arbetsl\u00f6sheten h\u00f6g, karensavdraget \u00e4r kvar, pensions\u00e5ldern h\u00f6js och kriminella forts\u00e4tter att utnyttja m\u00e4nniskor p\u00e5 svenska arbetsplatser.<\/p>\n<p>Det beh\u00f6ver inte forts\u00e4tta s\u00e5.<\/p>\n<p>Den 13 september f\u00e5r du r\u00f6sta f\u00f6r f\u00f6rsta g\u00e5ngen om s\u00e5dant som redan p\u00e5verkar dig och m\u00e4nniskorna omkring dig.<\/p>\n<p>Dina f\u00f6r\u00e4ldrar har f\u00e5tt r\u00f6sta i m\u00e5nga val f\u00f6re dig. Den h\u00e4r g\u00e5ngen har du precis lika mycket att s\u00e4ga till om som de.<\/p>\n<p>R\u00f6sten \u00e4r din. Anv\u00e4nd den f\u00f6r att byta regering.<\/p>\n<p>Arbetare f\u00e5r Sverige att fungera. Nu m\u00e5ste Sverige fungera f\u00f6r oss.<\/p>\n<dl class=\"SignatureList-list\" role=\"list\">\n<p><dt class=\"SignatureList-name\">Jessica Leiding<\/dt>\n<dd class=\"SignatureList-title\">Andre vice ordf\u00f6rande, LO<\/dd>\n<\/p>\n<p><dt class=\"SignatureList-name\">Elsa Alm<\/dt>\n<dd class=\"SignatureList-title\">Ungsekreterare, LO<\/dd>\n<\/p>\n<\/dl>\n","protected":false},"excerpt":{"rendered":"Det finns en period i livet n\u00e4r mycket h\u00e4nder p\u00e5 v\u00e4ldigt kort tid. Kanske g\u00e5r du fortfarande i&hellip;\n","protected":false},"author":2,"featured_media":363978,"comment_status":"","ping_status":"","sticky":false,"template":"","format":"standard","meta":{"footnotes":"","_share_on_mastodon":"0"},"categories":[14],"tags":[22,23,26,27,17,21,24,25,28,29,15,16,18,34,31,33,32,30,19,20,51,52,53,54],"class_list":["post-363977","post","type-post","status-publish","format-standard","has-post-thumbnail","category-varlden","tag-breaking-news","tag-breakingnews","tag-featured-news","tag-featurednews","tag-headlines","tag-huvudnyheter","tag-latest-news","tag-latestnews","tag-main-news","tag-mainnews","tag-news","tag-nyheter","tag-rubriker","tag-se","tag-svenska","tag-sverige","tag-sweden","tag-swedish","tag-top-stories","tag-topstories","tag-varlden","tag-world","tag-world-news","tag-worldnews"],"share_on_mastodon":{"url":"https:\/\/pubeurope.com\/@se\/117205755872431135","error":""},"_links":{"self":[{"href":"https:\/\/www.europesays.com\/se\/wp-json\/wp\/v2\/posts\/363977","targetHints":{"allow":["GET"]}}],"collection":[{"href":"https:\/\/www.europesays.com\/se\/wp-json\/wp\/v2\/posts"}],"about":[{"href":"https:\/\/www.europesays.com\/se\/wp-json\/wp\/v2\/types\/post"}],"author":[{"embeddable":true,"href":"https:\/\/www.europesays.com\/se\/wp-json\/wp\/v2\/users\/2"}],"replies":[{"embeddable":true,"href":"https:\/\/www.europesays.com\/se\/wp-json\/wp\/v2\/comments?post=363977"}],"version-history":[{"count":0,"href":"https:\/\/www.europesays.com\/se\/wp-json\/wp\/v2\/posts\/363977\/revisions"}],"wp:featuredmedia":[{"embeddable":true,"href":"https:\/\/www.europesays.com\/se\/wp-json\/wp\/v2\/media\/363978"}],"wp:attachment":[{"href":"https:\/\/www.europesays.com\/se\/wp-json\/wp\/v2\/media?parent=363977"}],"wp:term":[{"taxonomy":"category","embeddable":true,"href":"https:\/\/www.europesays.com\/se\/wp-json\/wp\/v2\/categories?post=363977"},{"taxonomy":"post_tag","embeddable":true,"href":"https:\/\/www.europesays.com\/se\/wp-json\/wp\/v2\/tags?post=363977"}],"curies":[{"name":"wp","href":"https:\/\/api.w.org\/{rel}","templated":true}]}}