{"id":364051,"date":"2026-09-03T07:37:32","date_gmt":"2026-09-03T07:37:32","guid":{"rendered":"https:\/\/www.europesays.com\/se\/364051\/"},"modified":"2026-09-03T07:37:32","modified_gmt":"2026-09-03T07:37:32","slug":"ryssland-anklagar-norge-for-piratverksamhet","status":"publish","type":"post","link":"https:\/\/www.europesays.com\/se\/364051\/","title":{"rendered":"Ryssland anklagar Norge f\u00f6r \u201dpiratverksamhet\u201d"},"content":{"rendered":"<p>Ryssland anklagar Norge f\u00f6r \u201dpiratverksamhet\u201d efter att det ryska fartyget \u201dProfessor Molchanov\u201d har tagits i f\u00f6rvar utanf\u00f6r Svalbard. Det skriver den ryska nyhetsbyr\u00e5n Tass enligt NRK. <\/p>\n<p>Fartyget har nu lagt till i Barentsburg d\u00e4r det kommer att vara kvar tills vidare. P\u00e5 b\u00e5ten ska ett 50-tal passagerare och bes\u00e4ttningsmedlemmar finnas, bland annat korrespondenter f\u00f6r Tass.<\/p>\n<p>\u2013 Vi kommer att vara till stor hj\u00e4lp med att f\u00e5 bes\u00e4ttning och passagerare hem till Ryssland, s\u00e4ger guvern\u00f6ren Lars Fause till NRK.<\/p>\n<p>Beg\u00e4ran kom fr\u00e5n ett ukrainskt energibolag. <\/p>\n<p>Rysslands utrikespolitiska talesperson Maria Zakharova uppger att man inte kommer \u201d\u00f6verge sina medborgare\u201d efter beslaget, skriver Dagbladet. <\/p>\n<p>Omni \u00e4r politiskt obundna och oberoende. Vi str\u00e4var efter att ge fler perspektiv p\u00e5 nyheterna. Har du fr\u00e5gor eller synpunkter kring v\u00e5r rapportering? <a href=\"https:\/\/omni.se\/ryssland-anklagar-norge-for-piratverksamhet\/a\/mailto:redaktion@omni.se\" class=\"ArticleActions-module-scss-module__w9u9BG__contactLink\" rel=\"nofollow noopener\" target=\"_blank\">Kontakta redaktionen<\/a><\/p>\n","protected":false},"excerpt":{"rendered":"Ryssland anklagar Norge f\u00f6r \u201dpiratverksamhet\u201d efter att det ryska fartyget \u201dProfessor Molchanov\u201d har tagits i f\u00f6rvar utanf\u00f6r Svalbard.&hellip;\n","protected":false},"author":2,"featured_media":364052,"comment_status":"","ping_status":"","sticky":false,"template":"","format":"standard","meta":{"footnotes":"","_share_on_mastodon":"0"},"categories":[14],"tags":[22,23,267,26,27,17,21,24,25,28,29,15,430,16,18,269,264,34,31,33,32,30,19,20,51,52,53,54],"class_list":["post-364051","post","type-post","status-publish","format-standard","has-post-thumbnail","category-varlden","tag-breaking-news","tag-breakingnews","tag-europa","tag-featured-news","tag-featurednews","tag-headlines","tag-huvudnyheter","tag-latest-news","tag-latestnews","tag-main-news","tag-mainnews","tag-news","tag-norge","tag-nyheter","tag-rubriker","tag-ryska-invasionen","tag-ryssland","tag-se","tag-svenska","tag-sverige","tag-sweden","tag-swedish","tag-top-stories","tag-topstories","tag-varlden","tag-world","tag-world-news","tag-worldnews"],"share_on_mastodon":{"url":"https:\/\/pubeurope.com\/@se\/117205968261575061","error":""},"_links":{"self":[{"href":"https:\/\/www.europesays.com\/se\/wp-json\/wp\/v2\/posts\/364051","targetHints":{"allow":["GET"]}}],"collection":[{"href":"https:\/\/www.europesays.com\/se\/wp-json\/wp\/v2\/posts"}],"about":[{"href":"https:\/\/www.europesays.com\/se\/wp-json\/wp\/v2\/types\/post"}],"author":[{"embeddable":true,"href":"https:\/\/www.europesays.com\/se\/wp-json\/wp\/v2\/users\/2"}],"replies":[{"embeddable":true,"href":"https:\/\/www.europesays.com\/se\/wp-json\/wp\/v2\/comments?post=364051"}],"version-history":[{"count":0,"href":"https:\/\/www.europesays.com\/se\/wp-json\/wp\/v2\/posts\/364051\/revisions"}],"wp:featuredmedia":[{"embeddable":true,"href":"https:\/\/www.europesays.com\/se\/wp-json\/wp\/v2\/media\/364052"}],"wp:attachment":[{"href":"https:\/\/www.europesays.com\/se\/wp-json\/wp\/v2\/media?parent=364051"}],"wp:term":[{"taxonomy":"category","embeddable":true,"href":"https:\/\/www.europesays.com\/se\/wp-json\/wp\/v2\/categories?post=364051"},{"taxonomy":"post_tag","embeddable":true,"href":"https:\/\/www.europesays.com\/se\/wp-json\/wp\/v2\/tags?post=364051"}],"curies":[{"name":"wp","href":"https:\/\/api.w.org\/{rel}","templated":true}]}}