{"id":36412,"date":"2025-09-22T07:20:27","date_gmt":"2025-09-22T07:20:27","guid":{"rendered":"https:\/\/www.europesays.com\/se\/36412\/"},"modified":"2025-09-22T07:20:27","modified_gmt":"2025-09-22T07:20:27","slug":"gangdaden-ledde-polisen-i-vastra-sverige-till-en-knarkliga","status":"publish","type":"post","link":"https:\/\/www.europesays.com\/se\/36412\/","title":{"rendered":"G\u00e4ngd\u00e5den ledde polisen i v\u00e4stra Sverige till en knarkliga"},"content":{"rendered":"<p>Publicerad 22 sep 2025 kl 05.00<\/p>\n<p>PremiumEn 15-\u00e5ring t\u00e4nder p\u00e5 bensindunkar utanf\u00f6r en l\u00e4genhet i Lidk\u00f6ping. Samma natt brinner en villa i Gr\u00e4storp efter att en 18-\u00e5ring kastat in en bensindunk.<\/p>\n<p>D\u00e5den \u2013 som \u00e4r kopplade till en tidigare skjutning \u2013 leder polisen rakt in i en stor knarkh\u00e4rva som nystas upp i v\u00e4stra Sverige. \u00a0<\/p>\n<p><img   alt=\"\"\/><\/p>\n<p>Villan i Gr\u00e4storp fick omfattande skador efter att en 18-\u00e5ring misst\u00e4nks ha kastat in en bensindunk och t\u00e4nt p\u00e5.<\/p>\n<p>Foto: Polisen<\/p>\n<p>\u00d6ppna bild i helsk\u00e4rm<img loading=\"lazy\"   alt=\"\"\/><\/p>\n<p>15-\u00e5ringen greps med br\u00e4nnskador p\u00e5 ett t\u00e5g mot G\u00f6teborg.<\/p>\n<p>Foto: POLISEN<\/p>\n<p>\u00d6ppna bild i helsk\u00e4rm<\/p>\n","protected":false},"excerpt":{"rendered":"Publicerad 22 sep 2025 kl 05.00 PremiumEn 15-\u00e5ring t\u00e4nder p\u00e5 bensindunkar utanf\u00f6r en l\u00e4genhet i Lidk\u00f6ping. Samma natt&hellip;\n","protected":false},"author":2,"featured_media":36413,"comment_status":"","ping_status":"","sticky":false,"template":"","format":"standard","meta":{"footnotes":""},"categories":[5],"tags":[22,23,26,27,17,21,24,25,239,3868,28,29,15,16,103,18,34,666,31,33,32,30,19,436,20],"class_list":{"0":"post-36412","1":"post","2":"type-post","3":"status-publish","4":"format-standard","5":"has-post-thumbnail","7":"category-rubriker","8":"tag-breaking-news","9":"tag-breakingnews","10":"tag-featured-news","11":"tag-featurednews","12":"tag-headlines","13":"tag-huvudnyheter","14":"tag-latest-news","15":"tag-latestnews","16":"tag-location-goteborg","17":"tag-location-lidkoping-kommun","18":"tag-main-news","19":"tag-mainnews","20":"tag-news","21":"tag-nyheter","22":"tag-premium","23":"tag-rubriker","24":"tag-se","25":"tag-sections-krim","26":"tag-svenska","27":"tag-sverige","28":"tag-sweden","29":"tag-swedish","30":"tag-top-stories","31":"tag-topic-valdsbrott-mord","32":"tag-topstories"},"share_on_mastodon":{"url":"","error":""},"_links":{"self":[{"href":"https:\/\/www.europesays.com\/se\/wp-json\/wp\/v2\/posts\/36412","targetHints":{"allow":["GET"]}}],"collection":[{"href":"https:\/\/www.europesays.com\/se\/wp-json\/wp\/v2\/posts"}],"about":[{"href":"https:\/\/www.europesays.com\/se\/wp-json\/wp\/v2\/types\/post"}],"author":[{"embeddable":true,"href":"https:\/\/www.europesays.com\/se\/wp-json\/wp\/v2\/users\/2"}],"replies":[{"embeddable":true,"href":"https:\/\/www.europesays.com\/se\/wp-json\/wp\/v2\/comments?post=36412"}],"version-history":[{"count":0,"href":"https:\/\/www.europesays.com\/se\/wp-json\/wp\/v2\/posts\/36412\/revisions"}],"wp:featuredmedia":[{"embeddable":true,"href":"https:\/\/www.europesays.com\/se\/wp-json\/wp\/v2\/media\/36413"}],"wp:attachment":[{"href":"https:\/\/www.europesays.com\/se\/wp-json\/wp\/v2\/media?parent=36412"}],"wp:term":[{"taxonomy":"category","embeddable":true,"href":"https:\/\/www.europesays.com\/se\/wp-json\/wp\/v2\/categories?post=36412"},{"taxonomy":"post_tag","embeddable":true,"href":"https:\/\/www.europesays.com\/se\/wp-json\/wp\/v2\/tags?post=36412"}],"curies":[{"name":"wp","href":"https:\/\/api.w.org\/{rel}","templated":true}]}}