{"id":36420,"date":"2025-09-22T07:31:08","date_gmt":"2025-09-22T07:31:08","guid":{"rendered":"https:\/\/www.europesays.com\/se\/36420\/"},"modified":"2025-09-22T07:31:08","modified_gmt":"2025-09-22T07:31:08","slug":"trailerpremiar-se-kristofer-hivju-i-nya-thrillerserien-the-iris-affair","status":"publish","type":"post","link":"https:\/\/www.europesays.com\/se\/36420\/","title":{"rendered":"Trailerpremi\u00e4r: Se Kristofer Hivju i nya thrillerserien &#8221;The Iris Affair&#8221;"},"content":{"rendered":"<p>Idag sl\u00e4pper SkyShowtime den f\u00f6rsta trailern till den soldr\u00e4nkta thrillerserien \u201dThe Iris Affair\u201d \u2013 d\u00e4r en av svenskarnas favoritnorrm\u00e4n, Kristofer Hivju, spelar en framtr\u00e4dande roll. <\/p>\n<p>\u201dThe Iris Affair\u201d \u00e4r skapad av <strong>Neil Cross<\/strong>, mannen bakom \u201dLuther\u201d, och utlovar \u00e5tta avsnitt fyllda av intriger, dramatik och livsfarliga spel genom Italien. I centrum st\u00e5r Iris Nixon (<strong>Niamh Algar<\/strong>), ett briljant men g\u00e5tfullt geni som dras in i en katt-och-r\u00e5tta-lek mot den karismatiske entrepren\u00f6ren Cameron Beck (<strong>Tom Hollander<\/strong>). N\u00e4r Iris stj\u00e4l en topphemlig teknologi blir hon m\u00e5ltavla i en global jakt.<\/p>\n<p><strong>Kristofer Hivju<\/strong>, k\u00e4nd fr\u00e5n \u201dGame of Thrones\u201d och \u201dBeck\u201d, tar plats i rollistan tillsammans med Algar och Hollander. Serien \u00e4r regisserad av Terry McDonough (\u201dBreaking Bad\u201d) och Sarah O\u2019Gorman (\u201dThe Witcher\u201d).<\/p>\n<p>Med \u201dThe Iris Affair\u201d forts\u00e4tter Hivju sin starka internationella karri\u00e4r \u2013 den h\u00e4r g\u00e5ngen i en thriller som blandar soldr\u00e4nkta milj\u00f6er med h\u00f6g puls och skoningsl\u00f6s sp\u00e4nning. <strong>Serien f\u00e5r premi\u00e4r p\u00e5 SkyShowtime <\/strong>n\u00e5gon g\u00e5ng innan 2025 \u00e5rs slut.<\/p>\n<p>Se trailern som har den goda smaken att s\u00e4tta The Cardigans \u201dMy Favourite Game\u201d p\u00e5 soundtracket:<\/p>\n<p><img loading=\"lazy\" decoding=\"async\" alt=\"YouTube video\" width=\"480\" height=\"360\" data-pin-nopin=\"true\" nopin=\"nopin\" class=\"perfmatters-lazy\" src=\"https:\/\/www.europesays.com\/se\/wp-content\/uploads\/2025\/09\/1758526268_436_hqdefault.jpg\"\/><\/p>\n<p>L\u00e4s ocks\u00e5: <a href=\"https:\/\/www.moviezine.se\/nyheter\/beck-stjarnan-kristofer-hivju-loser-mordfall-i-norsk-kriminalserie\" title=\"\u201dBeck\u201d-stj\u00e4rnan Kristofer Hivju l\u00f6ser mordfall i norsk kriminalserie\" class=\"underline-custom !font-montserrat !font-bold !underline-offset-4 !decoration-4 !decoration-moviezine-green !text-md\" rel=\"nofollow noopener\" target=\"_blank\">\u201dBeck\u201d-stj\u00e4rnan Kristofer Hivju l\u00f6ser mordfall i norsk kriminalserie<\/a><\/p>\n<p>L\u00e4s ocks\u00e5: <a href=\"https:\/\/www.moviezine.se\/nyheter\/3-nya-filmer-fran-2025-finns-nu-pa-skyshowtime-en-fick-toppbetyg\" title=\"3 nya filmer fr\u00e5n 2025 finns nu p\u00e5 SkyShowtime \u2013 en fick toppbetyg!\" class=\"underline-custom !font-montserrat !font-bold !underline-offset-4 !decoration-4 !decoration-moviezine-green !text-md\" rel=\"nofollow noopener\" target=\"_blank\">3 nya filmer fr\u00e5n 2025 finns nu p\u00e5 SkyShowtime \u2013 en fick toppbetyg!<\/a><\/p>\n","protected":false},"excerpt":{"rendered":"Idag sl\u00e4pper SkyShowtime den f\u00f6rsta trailern till den soldr\u00e4nkta thrillerserien \u201dThe Iris Affair\u201d \u2013 d\u00e4r en av svenskarnas&hellip;\n","protected":false},"author":2,"featured_media":36421,"comment_status":"","ping_status":"","sticky":false,"template":"","format":"standard","meta":{"footnotes":""},"categories":[67],"tags":[104,34,3859,31,33,32,30,2044,105],"class_list":{"0":"post-36420","1":"post","2":"type-post","3":"status-publish","4":"format-standard","5":"has-post-thumbnail","7":"category-underhallning","8":"tag-entertainment","9":"tag-se","10":"tag-skyshowtime","11":"tag-svenska","12":"tag-sverige","13":"tag-sweden","14":"tag-swedish","15":"tag-trailer","16":"tag-underhallning"},"share_on_mastodon":{"url":"","error":""},"_links":{"self":[{"href":"https:\/\/www.europesays.com\/se\/wp-json\/wp\/v2\/posts\/36420","targetHints":{"allow":["GET"]}}],"collection":[{"href":"https:\/\/www.europesays.com\/se\/wp-json\/wp\/v2\/posts"}],"about":[{"href":"https:\/\/www.europesays.com\/se\/wp-json\/wp\/v2\/types\/post"}],"author":[{"embeddable":true,"href":"https:\/\/www.europesays.com\/se\/wp-json\/wp\/v2\/users\/2"}],"replies":[{"embeddable":true,"href":"https:\/\/www.europesays.com\/se\/wp-json\/wp\/v2\/comments?post=36420"}],"version-history":[{"count":0,"href":"https:\/\/www.europesays.com\/se\/wp-json\/wp\/v2\/posts\/36420\/revisions"}],"wp:featuredmedia":[{"embeddable":true,"href":"https:\/\/www.europesays.com\/se\/wp-json\/wp\/v2\/media\/36421"}],"wp:attachment":[{"href":"https:\/\/www.europesays.com\/se\/wp-json\/wp\/v2\/media?parent=36420"}],"wp:term":[{"taxonomy":"category","embeddable":true,"href":"https:\/\/www.europesays.com\/se\/wp-json\/wp\/v2\/categories?post=36420"},{"taxonomy":"post_tag","embeddable":true,"href":"https:\/\/www.europesays.com\/se\/wp-json\/wp\/v2\/tags?post=36420"}],"curies":[{"name":"wp","href":"https:\/\/api.w.org\/{rel}","templated":true}]}}