{"id":36424,"date":"2025-09-22T07:34:11","date_gmt":"2025-09-22T07:34:11","guid":{"rendered":"https:\/\/www.europesays.com\/se\/36424\/"},"modified":"2025-09-22T07:34:11","modified_gmt":"2025-09-22T07:34:11","slug":"jag-tror-vi-har-hittat-svaret-pa-autism","status":"publish","type":"post","link":"https:\/\/www.europesays.com\/se\/36424\/","title":{"rendered":"\u201dJag tror vi har hittat svaret p\u00e5 autism\u201d"},"content":{"rendered":"<p>Donald Trump ska under m\u00e5ndagen meddela vad han sj\u00e4lv beskriver som \u201dett av de st\u00f6rsta tillk\u00e4nnagivandena\u201d g\u00e4llande medicin i amerikansk historia. Det sa presidenten under h\u00f6gerdebatt\u00f6ren Charlie Kirks minnesceremoni i\u202fnatt.<\/p>\n<p>\u2013 Jag tror att vi har hittat svaret p\u00e5 autism, s\u00e4ger Trump.<\/p>\n<p>Fyra k\u00e4llor uppger f\u00f6r Washington Post att Trumpadministrationen ska ber\u00e4tta om hur ett l\u00e4kemedel kan kopplas till autism och hur ett annat l\u00e4kemedel kan behandla det. Man v\u00e4ntas h\u00f6ja ett varningens finger f\u00f6r gravida kvinnors anv\u00e4ndning av paracetamol, inte minst i b\u00f6rjan av en graviditet. Substansen \u00e4r en av de vanligaste i mediciner v\u00e4rlden \u00f6ver.<\/p>\n<p>Samtidigt v\u00e4ntas man beskriva det mindre k\u00e4nda l\u00e4kemedlet leucovorin som en m\u00f6jlig behandling f\u00f6r autism.<\/p>\n<p>Omni \u00e4r politiskt obundna och oberoende. Vi str\u00e4var efter att ge fler perspektiv p\u00e5 nyheterna. Har du fr\u00e5gor eller synpunkter kring v\u00e5r rapportering? <a href=\"https:\/\/omni.se\/trump-inatt-jag-tror-vi-har-hittat-svaret-pa-autism\/a\/mailto:redaktion@omni.se\" class=\"ArticleActions_contactLink__W2F1M\" rel=\"nofollow noopener\" target=\"_blank\">Kontakta redaktionen<\/a><\/p>\n","protected":false},"excerpt":{"rendered":"Donald Trump ska under m\u00e5ndagen meddela vad han sj\u00e4lv beskriver som \u201dett av de st\u00f6rsta tillk\u00e4nnagivandena\u201d g\u00e4llande medicin&hellip;\n","protected":false},"author":2,"featured_media":36425,"comment_status":"","ping_status":"","sticky":false,"template":"","format":"standard","meta":{"footnotes":""},"categories":[14],"tags":[387,22,23,385,26,27,17,21,24,25,28,29,15,268,16,18,34,31,33,32,30,19,20,386,74,51,52,53,54],"class_list":{"0":"post-36424","1":"post","2":"type-post","3":"status-publish","4":"format-standard","5":"has-post-thumbnail","7":"category-varlden","8":"tag-amerikansk-politik","9":"tag-breaking-news","10":"tag-breakingnews","11":"tag-donald-trump","12":"tag-featured-news","13":"tag-featurednews","14":"tag-headlines","15":"tag-huvudnyheter","16":"tag-latest-news","17":"tag-latestnews","18":"tag-main-news","19":"tag-mainnews","20":"tag-news","21":"tag-nordamerika","22":"tag-nyheter","23":"tag-rubriker","24":"tag-se","25":"tag-svenska","26":"tag-sverige","27":"tag-sweden","28":"tag-swedish","29":"tag-top-stories","30":"tag-topstories","31":"tag-trumps-usa","32":"tag-usa","33":"tag-varlden","34":"tag-world","35":"tag-world-news","36":"tag-worldnews"},"share_on_mastodon":{"url":"","error":""},"_links":{"self":[{"href":"https:\/\/www.europesays.com\/se\/wp-json\/wp\/v2\/posts\/36424","targetHints":{"allow":["GET"]}}],"collection":[{"href":"https:\/\/www.europesays.com\/se\/wp-json\/wp\/v2\/posts"}],"about":[{"href":"https:\/\/www.europesays.com\/se\/wp-json\/wp\/v2\/types\/post"}],"author":[{"embeddable":true,"href":"https:\/\/www.europesays.com\/se\/wp-json\/wp\/v2\/users\/2"}],"replies":[{"embeddable":true,"href":"https:\/\/www.europesays.com\/se\/wp-json\/wp\/v2\/comments?post=36424"}],"version-history":[{"count":0,"href":"https:\/\/www.europesays.com\/se\/wp-json\/wp\/v2\/posts\/36424\/revisions"}],"wp:featuredmedia":[{"embeddable":true,"href":"https:\/\/www.europesays.com\/se\/wp-json\/wp\/v2\/media\/36425"}],"wp:attachment":[{"href":"https:\/\/www.europesays.com\/se\/wp-json\/wp\/v2\/media?parent=36424"}],"wp:term":[{"taxonomy":"category","embeddable":true,"href":"https:\/\/www.europesays.com\/se\/wp-json\/wp\/v2\/categories?post=36424"},{"taxonomy":"post_tag","embeddable":true,"href":"https:\/\/www.europesays.com\/se\/wp-json\/wp\/v2\/tags?post=36424"}],"curies":[{"name":"wp","href":"https:\/\/api.w.org\/{rel}","templated":true}]}}