{"id":36426,"date":"2025-09-22T07:36:21","date_gmt":"2025-09-22T07:36:21","guid":{"rendered":"https:\/\/www.europesays.com\/se\/36426\/"},"modified":"2025-09-22T07:36:21","modified_gmt":"2025-09-22T07:36:21","slug":"edstrom-malskytt-i-predators-forsasongspremiar","status":"publish","type":"post","link":"https:\/\/www.europesays.com\/se\/36426\/","title":{"rendered":"Edstrom m\u00e5lskytt i Predators f\u00f6rs\u00e4songspremi\u00e4r"},"content":{"rendered":"<p><strong>David Edstrom jagar en plats i Nashville Predators den h\u00e4r s\u00e4songen.<br \/>Under sena s\u00f6ndagskv\u00e4llen slog den svenske talangen till direkt med ett m\u00e5l i Nashvilles 5\u20130-seger mot Florida.<\/strong><\/p>\n<p><img loading=\"lazy\" decoding=\"async\" width=\"1024\" height=\"658\" src=\"https:\/\/www.europesays.com\/se\/wp-content\/uploads\/2025\/09\/DE2509221-1024x658.webp.webp\" alt=\"David Edstrom\" class=\"wp-image-305848\"  \/>David Edstrom blev m\u00e5lskytt f\u00f6r Nashville i f\u00f6rs\u00e4songssegern mot Florida.<br \/><strong>Foto: <\/strong>Nashville Predators\/X<\/p>\n<p>Under sena s\u00f6ndagskv\u00e4llen och natten till m\u00e5ndag, svensk tid, spelade <a href=\"https:\/\/hockeysverige.se\/klubb\/nashville-predators\" rel=\"nofollow noopener\" target=\"_blank\">Nashville<\/a> och <a href=\"https:\/\/hockeysverige.se\/klubb\/florida-panthers\" rel=\"nofollow noopener\" target=\"_blank\">Florida<\/a> tv\u00e5 tr\u00e4ningsmatcher mot varandra. I den f\u00f6rsta matchen tog svenskarna <a href=\"https:\/\/hockeysverige.se\/spelare\/adam-wilsby\/\" rel=\"nofollow noopener\" target=\"_blank\">Adam Wilsby<\/a>, <a href=\"https:\/\/hockeysverige.se\/spelare\/david-edstrom\" rel=\"nofollow noopener\" target=\"_blank\">David Edstrom<\/a> och <a href=\"https:\/\/hockeysverige.se\/spelare\/viktor-norringer\/\" rel=\"nofollow noopener\" target=\"_blank\">Viktor N\u00f6rringer<\/a> plats i Predators lag som lyckades besegra ett rookiebetonat Florida Panthers med 5\u20130.<\/p>\n<p>En svensk skrev in sig i m\u00e5lprotokollet i matchen, d\u00e5 David Edstrom fastst\u00e4llde slutresultatet till 5\u20130 i den tredje perioden sedan han plockat upp en l\u00f6s puck framf\u00f6r m\u00e5l och rakat in den bakom Kirill Gerasimjuk i Panthers-m\u00e5let.<\/p>\n<blockquote class=\"twitter-tweet\" data-media-max-width=\"560\">\n<p lang=\"en\" dir=\"ltr\">Edstrom wasn&#8217;t missing this one \ud83d\ude2e\u200d\ud83d\udca8 <a href=\"https:\/\/t.co\/V9II8m752X\" rel=\"nofollow\">pic.twitter.com\/V9II8m752X<\/a><\/p>\n<p>\u2014 Nashville Predators (@PredsNHL) <a href=\"https:\/\/twitter.com\/PredsNHL\/status\/1969874252548481150?ref_src=twsrc%5Etfw\" rel=\"nofollow noopener\" target=\"_blank\">September 21, 2025<\/a><\/p><\/blockquote>\n<p>Tre svenskar i vardera lag<\/p>\n<p>Edstrom spelade strax \u00f6ver 15 minuter i storsegern och l\u00e4mnade isen med en +2-notering i plus\/minus-statistiken. Landsm\u00e4nnen Viktor N\u00f6rringer och Adam Wilsby spelade elva respektive 19 minuter f\u00f6r Predators.<\/p>\n<p>I Panthers fick Wilmer Skoog, <a href=\"https:\/\/hockeysverige.se\/spelare\/anton-lundmark\/\" rel=\"nofollow noopener\" target=\"_blank\">Anton Lundmark<\/a> och <a href=\"https:\/\/hockeysverige.se\/spelare\/ludvig-jansson\/\" rel=\"nofollow noopener\" target=\"_blank\">Ludvig Jansson<\/a> chansen att visa upp sig i Floridas f\u00e4rger. Skoog spelade n\u00e4st mest av Panthers forward med en istid p\u00e5 totalt 17:48, medan Lundmark loggade strax \u00f6ver 16 minuters istid och loggade tv\u00e5 skott p\u00e5 m\u00e5l, ett blockerat skott och tv\u00e5 tacklingar. Jansson l\u00e4mnade isen med en -3-notering i plus\/minus-statistiken p\u00e5 den dryga 15 minuter han spelade i f\u00f6rlustmatchen.<\/p>\n<p>I den andra matchen lagen emellan vann Nashville med 5\u20133. D\u00e4r noterades <a href=\"https:\/\/hockeysverige.se\/spelare\/filip-forsberg\" rel=\"nofollow noopener\" target=\"_blank\">Filip Forsberg<\/a> f\u00f6r ett m\u00e5l och en assist f\u00f6r Predators.<\/p>\n<p><script async src=\"https:\/\/platform.twitter.com\/widgets.js\" charset=\"utf-8\"><\/script><\/p>\n","protected":false},"excerpt":{"rendered":"David Edstrom jagar en plats i Nashville Predators den h\u00e4r s\u00e4songen.Under sena s\u00f6ndagskv\u00e4llen slog den svenske talangen till&hellip;\n","protected":false},"author":2,"featured_media":36427,"comment_status":"","ping_status":"","sticky":false,"template":"","format":"standard","meta":{"footnotes":""},"categories":[5],"tags":[22,23,26,27,17,21,24,25,28,29,15,247,16,18,34,133,31,33,32,30,19,20],"class_list":{"0":"post-36426","1":"post","2":"type-post","3":"status-publish","4":"format-standard","5":"has-post-thumbnail","7":"category-rubriker","8":"tag-breaking-news","9":"tag-breakingnews","10":"tag-featured-news","11":"tag-featurednews","12":"tag-headlines","13":"tag-huvudnyheter","14":"tag-latest-news","15":"tag-latestnews","16":"tag-main-news","17":"tag-mainnews","18":"tag-news","19":"tag-nhl","20":"tag-nyheter","21":"tag-rubriker","22":"tag-se","23":"tag-second-news","24":"tag-svenska","25":"tag-sverige","26":"tag-sweden","27":"tag-swedish","28":"tag-top-stories","29":"tag-topstories"},"share_on_mastodon":{"url":"","error":""},"_links":{"self":[{"href":"https:\/\/www.europesays.com\/se\/wp-json\/wp\/v2\/posts\/36426","targetHints":{"allow":["GET"]}}],"collection":[{"href":"https:\/\/www.europesays.com\/se\/wp-json\/wp\/v2\/posts"}],"about":[{"href":"https:\/\/www.europesays.com\/se\/wp-json\/wp\/v2\/types\/post"}],"author":[{"embeddable":true,"href":"https:\/\/www.europesays.com\/se\/wp-json\/wp\/v2\/users\/2"}],"replies":[{"embeddable":true,"href":"https:\/\/www.europesays.com\/se\/wp-json\/wp\/v2\/comments?post=36426"}],"version-history":[{"count":0,"href":"https:\/\/www.europesays.com\/se\/wp-json\/wp\/v2\/posts\/36426\/revisions"}],"wp:featuredmedia":[{"embeddable":true,"href":"https:\/\/www.europesays.com\/se\/wp-json\/wp\/v2\/media\/36427"}],"wp:attachment":[{"href":"https:\/\/www.europesays.com\/se\/wp-json\/wp\/v2\/media?parent=36426"}],"wp:term":[{"taxonomy":"category","embeddable":true,"href":"https:\/\/www.europesays.com\/se\/wp-json\/wp\/v2\/categories?post=36426"},{"taxonomy":"post_tag","embeddable":true,"href":"https:\/\/www.europesays.com\/se\/wp-json\/wp\/v2\/tags?post=36426"}],"curies":[{"name":"wp","href":"https:\/\/api.w.org\/{rel}","templated":true}]}}