{"id":364357,"date":"2026-09-03T10:43:13","date_gmt":"2026-09-03T10:43:13","guid":{"rendered":"https:\/\/www.europesays.com\/se\/364357\/"},"modified":"2026-09-03T10:43:13","modified_gmt":"2026-09-03T10:43:13","slug":"betyg-sa-bra-har-ditt-allsvenska-lag-varvat-i-sommar","status":"publish","type":"post","link":"https:\/\/www.europesays.com\/se\/364357\/","title":{"rendered":"BETYG: S\u00e5 bra har ditt allsvenska lag v\u00e4rvat i sommar"},"content":{"rendered":"<p>Uppdaterad 3 sep 2026 kl 11.57Publicerad 3 sep 2026 kl 05.00<\/p>\n<p>PremiumAllsvenska transferf\u00f6nstret har st\u00e4ngt.<\/p>\n<p>Klubbarna har rustat b\u00e5de f\u00f6r topp- och bottenstrid.\u00a0<\/p>\n<p>Hur bra har de respektive klubbarna agerat i sommar?<\/p>\n<p>Expressen s\u00e4tter betyg p\u00e5 samtliga lags \u00f6verg\u00e5ngsf\u00f6nster.\u00a0<\/p>\n<p> Varningsklockor \u2013\u00a0klokast av avvakta\u00a0<\/p>\n<p> Risken: D\u00e5 kommer det h\u00e4r f\u00f6nstret att pekas ut\u00a0<\/p>\n<p> Hyllas: \u201dEn klassv\u00e4rvning\u201d<\/p>\n<p> Fr\u00e5getecken<\/p>\n<p><img   alt=\"\"\/>\u00d6ppna bild i helsk\u00e4rm<\/p>\n","protected":false},"excerpt":{"rendered":"Uppdaterad 3 sep 2026 kl 11.57Publicerad 3 sep 2026 kl 05.00 PremiumAllsvenska transferf\u00f6nstret har st\u00e4ngt. Klubbarna har rustat&hellip;\n","protected":false},"author":2,"featured_media":364358,"comment_status":"","ping_status":"","sticky":false,"template":"","format":"standard","meta":{"footnotes":"","_share_on_mastodon":"0"},"categories":[68],"tags":[460,159,1555,1232,30714,138,1110,2280,578,3467,576,1102,4431,18535,557,469,10917,103,34,111,110,31,33,32,30,17600],"class_list":["post-364357","post","type-post","status-publish","format-standard","has-post-thumbnail","category-sport","tag-aik-fotboll","tag-allsvenskan","tag-bk-hacken","tag-degerfors-if","tag-djurgarden-fotboll","tag-fotboll","tag-gais","tag-halmstads-bk","tag-hammarby-if","tag-if-brommapojkarna","tag-if-elfsborg","tag-ifk-goteborg","tag-ik-sirius-fk","tag-kalmar-ff","tag-malmo-ff","tag-mjallby-aif","tag-orgryte-is","tag-premium","tag-se","tag-sport","tag-sports","tag-svenska","tag-sverige","tag-sweden","tag-swedish","tag-vasteras-sk"],"share_on_mastodon":{"url":"https:\/\/pubeurope.com\/@se\/117206699857570055","error":""},"_links":{"self":[{"href":"https:\/\/www.europesays.com\/se\/wp-json\/wp\/v2\/posts\/364357","targetHints":{"allow":["GET"]}}],"collection":[{"href":"https:\/\/www.europesays.com\/se\/wp-json\/wp\/v2\/posts"}],"about":[{"href":"https:\/\/www.europesays.com\/se\/wp-json\/wp\/v2\/types\/post"}],"author":[{"embeddable":true,"href":"https:\/\/www.europesays.com\/se\/wp-json\/wp\/v2\/users\/2"}],"replies":[{"embeddable":true,"href":"https:\/\/www.europesays.com\/se\/wp-json\/wp\/v2\/comments?post=364357"}],"version-history":[{"count":0,"href":"https:\/\/www.europesays.com\/se\/wp-json\/wp\/v2\/posts\/364357\/revisions"}],"wp:featuredmedia":[{"embeddable":true,"href":"https:\/\/www.europesays.com\/se\/wp-json\/wp\/v2\/media\/364358"}],"wp:attachment":[{"href":"https:\/\/www.europesays.com\/se\/wp-json\/wp\/v2\/media?parent=364357"}],"wp:term":[{"taxonomy":"category","embeddable":true,"href":"https:\/\/www.europesays.com\/se\/wp-json\/wp\/v2\/categories?post=364357"},{"taxonomy":"post_tag","embeddable":true,"href":"https:\/\/www.europesays.com\/se\/wp-json\/wp\/v2\/tags?post=364357"}],"curies":[{"name":"wp","href":"https:\/\/api.w.org\/{rel}","templated":true}]}}