{"id":36444,"date":"2025-09-22T07:55:08","date_gmt":"2025-09-22T07:55:08","guid":{"rendered":"https:\/\/www.europesays.com\/se\/36444\/"},"modified":"2025-09-22T07:55:08","modified_gmt":"2025-09-22T07:55:08","slug":"skamskudde-for-skarmforskarna-magasinet-filter","status":"publish","type":"post","link":"https:\/\/www.europesays.com\/se\/36444\/","title":{"rendered":"Sk\u00e4mskudde f\u00f6r sk\u00e4rmforskarna &#8211; Magasinet Filter"},"content":{"rendered":"<p>\t\t\t<img width=\"1600\" height=\"1200\" src=\"https:\/\/www.europesays.com\/se\/wp-content\/uploads\/2025\/09\/skarmtid-1600x1200.webp.webp\" class=\"attachment-large size-large wp-post-image\" alt=\"Ett illustrativt collage d\u00e4r en kille tittar ner i sin mobil, statistik staplar i bakgrunden och en klocka i f\u00f6rgrunden.\" loading=\"eager\" fetchpriority=\"high\" decoding=\"async\"  \/>\t\t<\/p>\n<p>Illustration: Filter K\u00e4llor: Midjourney<\/p>\n<p class=\"ingress\" style=\"color: #000;\">B\u00f6cker, TV-program och tidningsartiklar forts\u00e4tter att v\u00e4lla in om faran med ungdomars mobilsurfande. Alla h\u00e4nvisar till samma forskning \u2013 som tyv\u00e4rr \u00e4r mestadels usel.<\/p>\n<p>      Publicerad 22-09-2025 Ur\u00a0<a href=\"https:\/\/magasinetfilter.se\/magasinet\/filter-106\/\" rel=\"nofollow noopener\" target=\"_blank\">Filter #106<\/a> (22 september 2025).    <\/p>\n<p>Dela  <\/p>\n<p class=\"p1\">I sin debattbok Sk\u00e4rmbarnen, som gavs ut p\u00e5 svenska i augusti, refererar den norska f\u00f6rfattaren Maja Lunde till barnboken Momo eller kampen om tiden. I Michael Endes 1970-talsklassiker smyger gr\u00e5kl\u00e4dda m\u00e4n omkring f\u00f6r att stj\u00e4la m\u00e4nniskors tid, och ist\u00e4llet f\u00f6r att leka, busa och umg\u00e5s med varandra blir Momos v\u00e4nner snart upptagna av annat. De gr\u00e5 herrarna lovar att den som \u00e4r tidseffektiv sparar sina timmar p\u00e5 Tidsbanken, men i sj\u00e4lva verket g\u00f6r de cigarrer av tiden och bolmar upp den \u2013 s\u00e5 att livet i praktiken g\u00e5r upp i r\u00f6k.<\/p>\n<p class=\"p2\">D\u00e4r Michael Endes poetiska saga brukar tolkas som en kritik av konsumtionssamh\u00e4llet, \u00e4r Maja Lundes parafras bokstavlig: tidstjuvarna finns nu p\u00e5 riktigt, i varje barns ficka. Lunde minns allt hon och hennes syskon \u00e4gnade sig \u00e5t som sm\u00e5, men som hennes egna barn inte tar sig f\u00f6r eftersom de f\u00f6redrar att stirra in en sk\u00e4rm.<\/p>\n<p class=\"p2\">\u00bbD\u00e4r sitter v\u00e5rt barn, p\u00e5 sitt rum, som borde vara den tryggaste platsen p\u00e5 jorden, medan en man kommer in och sl\u00e4nger upp ett rep i taklampan f\u00f6r att ta livet av sig, tv\u00e5 killar skjuter varandra, ett par med rakade k\u00f6nsorgan \u00e4gnar sig \u00e5t k\u00e4rleksl\u00f6s penetrering, en flicka beskriver detaljerat hur man kan sv\u00e4lta ihj\u00e4l sig utan att ens f\u00f6r\u00e4ldrar m\u00e4rker det, en machotyp f\u00f6rklarar varf\u00f6r mannen \u00e4r \u00f6verl\u00e4gsen kvinnan och f\u00f6rtj\u00e4nar att ha flera \u00e4lskarinnor p\u00e5 en g\u00e5ng, och tjugo influerare sminkar sig och ber\u00e4ttar f\u00f6r barnet hur det ska bli en vackrare version av sig sj\u00e4lvt samtidigt som de rekommenderar produkter f\u00f6r tusentals kronor.\u00ab<\/p>\n<p class=\"p2\">J\u00e4mf\u00f6rd med att l\u00e4sa b\u00f6cker, spela fotboll och baka kakor \u00e4r denna nidbild av utbudet p\u00e5 sociala medier f\u00f6rst\u00e5s helt f\u00f6rskr\u00e4cklig, och \u00e4nd\u00e5: \u00bbI snitt anv\u00e4nder vi mobilen fyra timmar om dagen. Fyra timmar p\u00e5 mobilen varje dag \u00e4r cirka 14 \u00e5r. 14 hela \u00e5r av livet. 14 \u00e5r \u00e4r ett liv. V\u00e4ldigt m\u00e5nga ungdomar anv\u00e4nder mobilen l\u00e5ngt mer \u00e4n fyra timmar om dagen; de \u00e4r mer eller mindre konstant uppkopplade.\u00ab<\/p>\n<p class=\"puff alt upc\">Vill du l\u00e4sa mer? 0 kr f\u00f6rsta m\u00e5naden!<\/p>\n<p class=\"offer-nedryckare\">Vi ger dig ov\u00e4ntade avsl\u00f6janden, m\u00f6ten med kulturens mest intressanta personer och ber\u00e4ttelserna du inte vill missa. Bli\u00a0Filter\u00adprenumerant.<\/p>\n<p>\t<a id=\"paywallDigitalButton\" class=\"opab-button fill\" href=\"https:\/\/magasinetfilter.se\/prenumeration\/order\/orderforms\/fid107\" data-order-url=\"https:\/\/magasinetfilter.se\/perspektiv\/skamskudde-for-skarmforskarna\/\" rel=\"nofollow noopener\" target=\"_blank\">Testa nu<\/a><\/p>\n<p class=\"puff alt upc\">Har du redan ett konto? <a href=\"https:\/\/connectid.se\/user\/oauth\/authorize?response_type=code&amp;client_id=se.offsidepress.filter&amp;redirect_uri=https%3A%2F%2Fmagasinetfilter.se%2Fperspektiv%2Fskamskudde-for-skarmforskarna%2F%3Fflowy_paywall_callback\" class=\"login\" rel=\"nofollow noopener\" target=\"_blank\">Logga in<\/a> h\u00e4r.<\/p>\n<p>    Publicerad 22-09-2025 Artikeln \u00e4r skriven av <a href=\"https:\/\/magasinetfilter.se\/skribent\/mattias-goransson\/\" rel=\"tag nofollow noopener\" target=\"_blank\">Mattias G\u00f6ransson<\/a>.<\/p>\n","protected":false},"excerpt":{"rendered":"Illustration: Filter K\u00e4llor: Midjourney B\u00f6cker, TV-program och tidningsartiklar forts\u00e4tter att v\u00e4lla in om faran med ungdomars mobilsurfande. Alla&hellip;\n","protected":false},"author":2,"featured_media":36445,"comment_status":"","ping_status":"","sticky":false,"template":"","format":"standard","meta":{"footnotes":""},"categories":[67],"tags":[3869,104,1683,34,31,33,32,30,105],"class_list":{"0":"post-36444","1":"post","2":"type-post","3":"status-publish","4":"format-standard","5":"has-post-thumbnail","7":"category-underhallning","8":"tag-det-digitala-samhallet","9":"tag-entertainment","10":"tag-samhalle","11":"tag-se","12":"tag-svenska","13":"tag-sverige","14":"tag-sweden","15":"tag-swedish","16":"tag-underhallning"},"share_on_mastodon":{"url":"","error":""},"_links":{"self":[{"href":"https:\/\/www.europesays.com\/se\/wp-json\/wp\/v2\/posts\/36444","targetHints":{"allow":["GET"]}}],"collection":[{"href":"https:\/\/www.europesays.com\/se\/wp-json\/wp\/v2\/posts"}],"about":[{"href":"https:\/\/www.europesays.com\/se\/wp-json\/wp\/v2\/types\/post"}],"author":[{"embeddable":true,"href":"https:\/\/www.europesays.com\/se\/wp-json\/wp\/v2\/users\/2"}],"replies":[{"embeddable":true,"href":"https:\/\/www.europesays.com\/se\/wp-json\/wp\/v2\/comments?post=36444"}],"version-history":[{"count":0,"href":"https:\/\/www.europesays.com\/se\/wp-json\/wp\/v2\/posts\/36444\/revisions"}],"wp:featuredmedia":[{"embeddable":true,"href":"https:\/\/www.europesays.com\/se\/wp-json\/wp\/v2\/media\/36445"}],"wp:attachment":[{"href":"https:\/\/www.europesays.com\/se\/wp-json\/wp\/v2\/media?parent=36444"}],"wp:term":[{"taxonomy":"category","embeddable":true,"href":"https:\/\/www.europesays.com\/se\/wp-json\/wp\/v2\/categories?post=36444"},{"taxonomy":"post_tag","embeddable":true,"href":"https:\/\/www.europesays.com\/se\/wp-json\/wp\/v2\/tags?post=36444"}],"curies":[{"name":"wp","href":"https:\/\/api.w.org\/{rel}","templated":true}]}}