{"id":364513,"date":"2026-09-03T12:21:21","date_gmt":"2026-09-03T12:21:21","guid":{"rendered":"https:\/\/www.europesays.com\/se\/364513\/"},"modified":"2026-09-03T12:21:21","modified_gmt":"2026-09-03T12:21:21","slug":"overraskning-edge-serien-kan-vara-tillbaka-pa-menyn-med-galaxy-s27-serien-och-den-blir-annu-smalare-den-har-gangen","status":"publish","type":"post","link":"https:\/\/www.europesays.com\/se\/364513\/","title":{"rendered":"\u00d6verraskning! Edge-serien kan vara tillbaka p\u00e5 menyn med Galaxy S27-serien, och den blir \u00e4nnu smalare den h\u00e4r g\u00e5ngen"},"content":{"rendered":"<p>\t\t<a href=\"https:\/\/www.notebookcheck.se\/fileadmin\/Notebooks\/News\/_nc5\/galaxy-s27-edge-leakj.jpg\" title=\"Galaxy S27 Edge s\u00e4gs vara 0,4 mm tunnare \u00e4n Galaxy S25 Edge som visas h\u00e4r.\" data-caption=\"Galaxy S27 Edge s\u00e4gs vara 0,4 mm tunnare \u00e4n Galaxy S25 Edge som visas h\u00e4r.\" rel=\"nofollow noopener\" target=\"_blank\"><img decoding=\"async\" src=\"https:\/\/www.europesays.com\/se\/wp-content\/uploads\/2026\/09\/csm_galaxy-s27-edge-leakj_37596c13b6.jpg\" loading=\"lazy\" width=\"240\" height=\"180\" alt=\"Galaxy S27 Edge s\u00e4gs vara 0,4 mm tunnare \u00e4n Galaxy S25 Edge som visas h\u00e4r.\"\/><\/p>\n<p>\u24d8 Samsung<\/p>\n<p><\/a>Galaxy S27 Edge s\u00e4gs vara 0,4 mm tunnare \u00e4n Galaxy S25 Edge som visas h\u00e4r.<\/p>\n<p>Samsung f\u00f6rv\u00e4ntas presentera sin Galaxy S27-serie i b\u00f6rjan av n\u00e4sta \u00e5r, och enligt l\u00e4ckor och rykten som har cirkulerat i flera m\u00e5nader v\u00e4ntas fyra telefoner. Nu ser det ut som att en femte kommer att ansluta sig till serien i form av Galaxy S27 Edge.<\/p>\n<p class=\"bodytext\">Efter misslyckandet med <a href=\"https:\/\/www.notebookcheck.se\/Ett-5-8-millimeter-tunt-underverk-av-uthaallighet-Samsung-Galaxy-S25-Edge-smartphone-recension.1044261.0.html\" target=\"_self\" class=\"internal-link\" rel=\"nofollow noopener\">Galaxy S25 Edge<\/a> verkar det som om Samsung vill ge formfaktorn en ny chans med Galaxy S27-serien. Detta skulle inneb\u00e4ra att det kommer att finnas fem telefoner i sortimentet, inklusive modellen Galaxy S27 Pro. I detta skede \u00e4r det fr\u00e5ga om mycket tidiga rykten, s\u00e5 ta f\u00f6ljande med en nypa salt.  &#13;<\/p>\n<p class=\"bodytext\">\u00d6verraskande nog har motstridig information om Galaxy S27 Edge dykt upp p\u00e5 n\u00e4tet. L\u00e4ckaren @kro_roe delade p\u00e5 X tidigt i morse (2 september) att Galaxy S27 Edge f\u00f6rv\u00e4ntas ha en 5,8-tums sk\u00e4rm, en tjocklek p\u00e5 strax under 4 mm och ett batteri p\u00e5 4 300 mAh. N\u00e5gra timmar senare kommenterade @SPYGO19726 inl\u00e4gget och h\u00e4vdade att telefonen kommer att ha en <a href=\"https:\/\/x.com\/SPYGO19726\/status\/2095137086181441926\" data-htmlarea-external=\"1\" rtekeep=\"1\" rel=\"nofollow\">6,8-tums sk\u00e4rm och en tjocklek p\u00e5 5,4 mm<\/a>.<\/p>\n<p class=\"bodytext\">Den f\u00f6rsta uppgiften verkar ganska osannolik, eftersom det skulle vara extremt sv\u00e5rt att f\u00e5 till en telefon p\u00e5 under 6 tum som \u00e4r 4,5 mm eller tunnare och har ett s\u00e5 stort batteri. Som j\u00e4mf\u00f6relse var Galaxy S25 Edge 5,8 mm tunn med en 6,7-tums sk\u00e4rm. Den hade ett batteri p\u00e5 3 900 mAh, vilket var en av dess svagheter.  &#13;<\/p>\n<p class=\"bodytext\">Det \u00e4r oklart vad deras k\u00e4lla \u00e4r, men ingen av dem har \u00e4nnu motbevisat den andras p\u00e5st\u00e5ende. Intressant nog har @SPYGO19726 inte heller motbevisat p\u00e5st\u00e5endet om batteriet f\u00f6r den p\u00e5st\u00e5dda Galaxy S27 Edge, vilket tyder p\u00e5 att Samsung antingen har hittat ett s\u00e4tt att f\u00e5 plats med ett 400 mAh st\u00f6rre batteri p\u00e5 0,4 mm mindre utrymme, eller att man \u00e4ntligen g\u00e5r \u00f6ver till kisel-kol.  &#13;<\/p>\n<p class=\"bodytext\">F\u00f6r tillf\u00e4llet verkar detta vara den enda informationen som tyder p\u00e5 att Galaxy S27 Edge existerar. Om det st\u00e4mmer kommer det att finnas fem telefoner i sortimentet som b\u00f6r presenteras antingen i januari eller februari n\u00e4sta \u00e5r.<\/p>\n<p>\t<a href=\"\"><img decoding=\"async\" src=\"https:\/\/www.europesays.com\/se\/wp-content\/uploads\/2026\/09\/1788438080_950_csm_Vineet-Washington-profile-image_2ea3673869.jpg\" loading=\"lazy\" width=\"120\" height=\"120\" alt=\"Vineet Washington\"\/><\/a><a href=\"\"><img decoding=\"async\" src=\"https:\/\/www.europesays.com\/se\/wp-content\/uploads\/2026\/09\/1788438081_368_csm_ninh_duy_ee54bf9777.jpg\" loading=\"lazy\" width=\"120\" height=\"120\" alt=\"DeepL \/ Ninh Duy\"\/><\/a>Translator: <a href=\"\" class=\"j_name\">Ninh Ngoc Duy<\/a> &#8211; Translation Sections Manager  &#8211; 838745 articles published on Notebookcheck since 2008<\/p>\n","protected":false},"excerpt":{"rendered":"\u24d8 Samsung Galaxy S27 Edge s\u00e4gs vara 0,4 mm tunnare \u00e4n Galaxy S25 Edge som visas h\u00e4r. Samsung&hellip;\n","protected":false},"author":2,"featured_media":364514,"comment_status":"","ping_status":"","sticky":false,"template":"","format":"standard","meta":{"footnotes":"","_share_on_mastodon":"0"},"categories":[66],"tags":[7083,41921,41920,7356,29137,41924,41925,22214,36886,41927,41926,41918,7084,7085,41923,4095,80,78,79,34,41922,31,33,32,30,81,84,41919,83,82],"class_list":["post-364513","post","type-post","status-publish","format-standard","has-post-thumbnail","category-vetenskap-och-teknik","tag-barbar-dator","tag-batteri-i-galaxy-s27-edge","tag-funktioner-pa-galaxy-s27-edge","tag-galaxy-s25-edge","tag-galaxy-s27-edge","tag-galaxy-s27-edge-lackor","tag-galaxy-s27-edge-lansering","tag-galaxy-s27-pro","tag-galaxy-s27-serien","tag-galaxy-s27-serien-fem-telefoner","tag-galaxy-s27-serien-lackor","tag-lackta-uppgifter-om-galaxy-s27-edge-storlek-pa-galaxy-s27-edge","tag-laptop","tag-notebook","tag-rykten-om-galaxy-s27-edge","tag-samsung","tag-science","tag-science-and-technology","tag-scienceandtechnology","tag-se","tag-skarmstorlek-pa-galaxy-s27-edge","tag-svenska","tag-sverige","tag-sweden","tag-swedish","tag-technology","tag-teknik","tag-tjocklek-pa-galaxy-s27-edge","tag-vetenskap","tag-vetenskapteknik"],"share_on_mastodon":{"url":"","error":"Validation failed: Text character limit of 500 exceeded"},"_links":{"self":[{"href":"https:\/\/www.europesays.com\/se\/wp-json\/wp\/v2\/posts\/364513","targetHints":{"allow":["GET"]}}],"collection":[{"href":"https:\/\/www.europesays.com\/se\/wp-json\/wp\/v2\/posts"}],"about":[{"href":"https:\/\/www.europesays.com\/se\/wp-json\/wp\/v2\/types\/post"}],"author":[{"embeddable":true,"href":"https:\/\/www.europesays.com\/se\/wp-json\/wp\/v2\/users\/2"}],"replies":[{"embeddable":true,"href":"https:\/\/www.europesays.com\/se\/wp-json\/wp\/v2\/comments?post=364513"}],"version-history":[{"count":0,"href":"https:\/\/www.europesays.com\/se\/wp-json\/wp\/v2\/posts\/364513\/revisions"}],"wp:featuredmedia":[{"embeddable":true,"href":"https:\/\/www.europesays.com\/se\/wp-json\/wp\/v2\/media\/364514"}],"wp:attachment":[{"href":"https:\/\/www.europesays.com\/se\/wp-json\/wp\/v2\/media?parent=364513"}],"wp:term":[{"taxonomy":"category","embeddable":true,"href":"https:\/\/www.europesays.com\/se\/wp-json\/wp\/v2\/categories?post=364513"},{"taxonomy":"post_tag","embeddable":true,"href":"https:\/\/www.europesays.com\/se\/wp-json\/wp\/v2\/tags?post=364513"}],"curies":[{"name":"wp","href":"https:\/\/api.w.org\/{rel}","templated":true}]}}