{"id":364567,"date":"2026-09-03T12:55:18","date_gmt":"2026-09-03T12:55:18","guid":{"rendered":"https:\/\/www.europesays.com\/se\/364567\/"},"modified":"2026-09-03T12:55:18","modified_gmt":"2026-09-03T12:55:18","slug":"oasis-kan-ge-sig-ut-pa-turne-2027","status":"publish","type":"post","link":"https:\/\/www.europesays.com\/se\/364567\/","title":{"rendered":"Oasis kan ge sig ut p\u00e5 turn\u00e9 2027"},"content":{"rendered":"<p>   \u201dDet \u00e4r ju inget fotbollsm\u00e4sterskap n\u00e4sta \u00e5r\u201d<a class=\"_link_1lr5y_108\" href=\"https:\/\/aftonbladet.se\/av\/stina-dahlgren\" title=\"Stina Dahlgren\" rel=\"nofollow noopener\" target=\"_blank\"><img alt=\"Bild av Stina Dahlgren\" class=\"_image_1lr5y_85\" fetchpriority=\"low\" decoding=\"async\" itemprop=\"image\" loading=\"lazy\"  src=\"https:\/\/www.europesays.com\/se\/wp-content\/uploads\/2026\/09\/1788440116_698_a5192bfe-6b51-4da7-a57e-03de4578b119.png\"  width=\"480\"\/><\/a> <img alt=\"Oasis i Sverige 1994.\" class=\"_image_1jxax_84 layout-component layout-wide\" data-fullscreen- data-track-element-type=\"Article image fullscreen\" data-track-name=\"ImageFullscreen\" fetchpriority=\"high\" decoding=\"sync\" loading=\"eager\" height=\"3985\" itemprop=\"image\"  src=\"https:\/\/www.europesays.com\/se\/wp-content\/uploads\/2026\/09\/50cb3d23-8694-3320-8249-719f3270c6d4.jpeg\"  style=\"object-position:0% 0%\" width=\"6002\"\/>Oasis i Sverige 1994.  Foto: PER BJ\u00d6RN \/ SchibstedVisa mer<\/p>\n<p class=\"_textTheme_4io5p_1 _lead_16k26_2 _lead_3ue4t_18 layout-component layout-normal layout-padded _lead_o6m9k_5 _leadTheme_cypwp_1 body-large bold\">Oasis kan dra ut p\u00e5 v\u00e4garna igen redan n\u00e4sta \u00e5r. <\/p>\n<p class=\"_textTheme_4io5p_1 _lead_16k26_2 _lead_3ue4t_18 layout-component layout-normal layout-padded _lead_o6m9k_5 _leadTheme_cypwp_1 body-large bold\">Nu hintar Noel Gallagher sj\u00e4lv om en stor sommarturn\u00e9 2027.<\/p>\n<p>Sammanfattningen \u00e4r skapad med artificiell intelligens och kvalitetss\u00e4krad av Aftonbladets journalister.<\/p>\n<ul class=\"_list_16k26_3 _list_tj395_103 _unordered_16k26_103 _textTheme_4io5p_1 body-small\">\n<li class=\"_item_16k26_63\">Noel Gallagher har hintat om att Oasis kan genomf\u00f6ra en sommarturn\u00e9 2027.  <\/li>\n<li class=\"_item_16k26_63\">Bandet har inte bekr\u00e4ftat n\u00e5gra konserter, men det spekuleras i att Knebworth kan bli en spelplats.  <\/li>\n<li class=\"_item_16k26_63\">Liam Gallagher har f\u00f6rnekat att Oasis skulle spela p\u00e5 Glastonbury 2027.  <\/li>\n<\/ul>\n<p>L\u00e4s mer  <\/p>\n<p class=\"_textTheme_4io5p_1 _paragraph_16k26_4 _paragraph_3ue4t_27 layout-component layout-normal layout-padded body-medium\">Under en intervju i brittiska radiokanalen \u201d<a href=\"https:\/\/talksport.com\/football\/4554335\/noel-gallagher-oasis-2027-tour-man-city\/\" class=\"_link_16k26_32\" rel=\"nofollow noopener\" target=\"_blank\">Talksports\u2019s drive<\/a>\u201d, skruvar <strong class=\"_strong_16k26_20\">Noel Gallagher<\/strong>, 59, upp spekulationerna om en ny Oasis-turn\u00e9 n\u00e4sta sommar.  <\/p>\n<p class=\"_textTheme_4io5p_1 _paragraph_16k26_4 _paragraph_3ue4t_27 layout-component layout-normal layout-padded body-medium\">\u2013 Det \u00e4r ju inget fotbollsm\u00e4sterskap n\u00e4sta \u00e5r, s\u00e5 vi m\u00e5ste g\u00f6ra n\u00e5got under sommaren, s\u00e4ger han i programmet.<\/p>\n<p class=\"_textTheme_4io5p_1 _paragraph_16k26_4 _paragraph_3ue4t_27 layout-component layout-normal layout-padded body-medium\">N\u00e4r programledaren tar upp att Noels bror Liam Gallagher, 53, har slutat med sociala medier f\u00e5r han ett kryptiskt svar. <\/p>\n<p class=\"_textTheme_4io5p_1 _paragraph_16k26_4 _paragraph_3ue4t_27 layout-component layout-normal layout-padded body-medium\">\u2013 Ja, d\u00e5 m\u00e5ste n\u00e5gonting vara p\u00e5 g\u00e5ng, s\u00e4ger Noel Gallagher. <\/p>\n<p> <img alt=\"Br\u00f6derna Gallagher under turn\u00e9n 2025.\" class=\"_image_1jxax_84 layout-component layout-normal\" data-fullscreen- data-track-element-type=\"Article image fullscreen\" data-track-name=\"ImageFullscreen\" decoding=\"async\" loading=\"lazy\" height=\"2910\" itemprop=\"image\"  src=\"https:\/\/www.europesays.com\/se\/wp-content\/uploads\/2026\/09\/c7d80f88-6f7f-3752-8353-819f95604596.jpeg\"  style=\"object-position:0% 0%\" width=\"4366\"\/>Br\u00f6derna Gallagher under turn\u00e9n 2025. Foto: Eduardo Verdugo \/ APVisa mer Kan spela p\u00e5 ikoniska arenan <\/p>\n<p class=\"_textTheme_4io5p_1 _paragraph_16k26_4 _paragraph_3ue4t_27 layout-component layout-normal layout-padded body-medium\">Bandet har \u00e4nnu inte bekr\u00e4ftat n\u00e5gra konserter, men <a href=\"https:\/\/www.rollingstone.com\/music\/music-news\/noel-gallagher-oasis-2027-summer-tour-1235620509\/\" class=\"_link_16k26_32\" rel=\"nofollow noopener\" target=\"_blank\">Rolling Stone<\/a> rapporterar om planer p\u00e5 en ny j\u00e4tteturn\u00e9, d\u00e4r den klassiska arenan Knebworth kan vara aktuellt igen.  <\/p>\n<p class=\"_textTheme_4io5p_1 _paragraph_16k26_4 _paragraph_3ue4t_27 layout-component layout-normal layout-padded body-medium\"><strong class=\"_strong_16k26_20\">Liam Gallagher<\/strong> har d\u00e4remot redan slagit ner rykten om att Oasis skulle spela p\u00e5 Glastonbury 2027 och skrev tidigare i \u00e5r p\u00e5 sociala medier att det inte kommer att h\u00e4nda. <\/p>\n<p>  Turn\u00e9n 2025 <\/p>\n<p class=\"_textTheme_4io5p_1 _paragraph_16k26_4 _paragraph_3ue4t_27 layout-component layout-normal layout-padded body-medium\"><a href=\"https:\/\/www.aftonbladet.se\/nojesbladet\/a\/xmJOrj\/oasis-aterforenas-2025-hit-kommer-turnen\" class=\"_link_16k26_32\" rel=\"nofollow noopener\" target=\"_blank\">Oasis \u00e5terf\u00f6renades<\/a> f\u00f6rra \u00e5ret och genomf\u00f6rde flera spelningar runt om i v\u00e4rlden, bland annat i Storbritannien, Irland, Argentina och Brasilien. D\u00e5 hade bandet inte st\u00e5tt p\u00e5 en scen tillsammans sedan de splittrades 2009. <\/p>\n<p class=\"_textTheme_4io5p_1 _paragraph_16k26_4 _paragraph_3ue4t_27 layout-component layout-normal layout-padded body-medium\"><a href=\"https:\/\/www.aftonbladet.se\/omaftonbladet\/a\/76ydy9\/aftonbladets-ai-policy-sa-forhaller-vi-oss-till-den-nya-tekniken\" class=\"_link_16k26_32\" rel=\"nofollow noopener\" target=\"_blank\">Den h\u00e4r texten \u00e4r framtagen med hj\u00e4lp av AI och faktagranskad samt redigerad av Aftonbladets reporter Stina Dahlgren.<\/a><\/p>\n<p> <img alt=\"Noel Gallagher.\" class=\"_image_1jxax_84 layout-component layout-normal\" data-fullscreen- data-track-element-type=\"Article image fullscreen\" data-track-name=\"ImageFullscreen\" decoding=\"async\" loading=\"lazy\" height=\"3014\" itemprop=\"image\"  src=\"https:\/\/www.europesays.com\/se\/wp-content\/uploads\/2026\/09\/a6bf7101-c615-318b-895f-a8410850638e.jpeg\"  style=\"object-position:0% 0%\" width=\"4520\"\/>Noel Gallagher. Foto: Scott A Garfitt  \/AP\/TT \/ APVisa mer      <\/p>\n","protected":false},"excerpt":{"rendered":"\u201dDet \u00e4r ju inget fotbollsm\u00e4sterskap n\u00e4sta \u00e5r\u201d Oasis i Sverige 1994. Foto: PER BJ\u00d6RN \/ SchibstedVisa mer Oasis&hellip;\n","protected":false},"author":2,"featured_media":364568,"comment_status":"","ping_status":"","sticky":false,"template":"","format":"standard","meta":{"footnotes":"","_share_on_mastodon":"0"},"categories":[67],"tags":[104,41078,41077,592,34,31,33,32,30,105],"class_list":["post-364567","post","type-post","status-publish","format-standard","has-post-thumbnail","category-underhallning","tag-entertainment","tag-liam-gallagher","tag-noel-gallagher","tag-oasis","tag-se","tag-svenska","tag-sverige","tag-sweden","tag-swedish","tag-underhallning"],"share_on_mastodon":{"url":"https:\/\/pubeurope.com\/@se\/117207219466173159","error":""},"_links":{"self":[{"href":"https:\/\/www.europesays.com\/se\/wp-json\/wp\/v2\/posts\/364567","targetHints":{"allow":["GET"]}}],"collection":[{"href":"https:\/\/www.europesays.com\/se\/wp-json\/wp\/v2\/posts"}],"about":[{"href":"https:\/\/www.europesays.com\/se\/wp-json\/wp\/v2\/types\/post"}],"author":[{"embeddable":true,"href":"https:\/\/www.europesays.com\/se\/wp-json\/wp\/v2\/users\/2"}],"replies":[{"embeddable":true,"href":"https:\/\/www.europesays.com\/se\/wp-json\/wp\/v2\/comments?post=364567"}],"version-history":[{"count":0,"href":"https:\/\/www.europesays.com\/se\/wp-json\/wp\/v2\/posts\/364567\/revisions"}],"wp:featuredmedia":[{"embeddable":true,"href":"https:\/\/www.europesays.com\/se\/wp-json\/wp\/v2\/media\/364568"}],"wp:attachment":[{"href":"https:\/\/www.europesays.com\/se\/wp-json\/wp\/v2\/media?parent=364567"}],"wp:term":[{"taxonomy":"category","embeddable":true,"href":"https:\/\/www.europesays.com\/se\/wp-json\/wp\/v2\/categories?post=364567"},{"taxonomy":"post_tag","embeddable":true,"href":"https:\/\/www.europesays.com\/se\/wp-json\/wp\/v2\/tags?post=364567"}],"curies":[{"name":"wp","href":"https:\/\/api.w.org\/{rel}","templated":true}]}}