{"id":36457,"date":"2025-09-22T08:11:07","date_gmt":"2025-09-22T08:11:07","guid":{"rendered":"https:\/\/www.europesays.com\/se\/36457\/"},"modified":"2025-09-22T08:11:07","modified_gmt":"2025-09-22T08:11:07","slug":"vill-forlanga-men-konkurrenter-attraheras-av-brynasspelarna-shl","status":"publish","type":"post","link":"https:\/\/www.europesays.com\/se\/36457\/","title":{"rendered":"Vill f\u00f6rl\u00e4nga \u2013 men konkurrenter attraheras av Bryn\u00e4sspelarna | SHL"},"content":{"rendered":"<p>Publicerad 22 sep 2025 kl 07.00Uppdaterad kl 07.30<\/p>\n<p>Jack Kopacka och Bobby Trivigno har f\u00e5tt en bra start p\u00e5 s\u00e4songen f\u00f6r Bryn\u00e4s.<\/p>\n<p>Redan nu \u00e4r diskussionerna om framtiden i g\u00e5ng, och Bryn\u00e4s \u00e4r intresserade av att knyta till sig spelarna \u00e4ven fram\u00e5t.<\/p>\n<p>Men konkurrenter har redan b\u00f6rjat visa tydligt intresse, enligt uppgifter till Expressen.\u00a0<\/p>\n<p><img loading=\"lazy\"   alt=\"\"\/><\/p>\n<p>Bryn\u00e4s Jack Kopacka.<\/p>\n<p>Foto: ARON BROMAN \/ BILDBYR\u00c5N<\/p>\n<p>\u00d6ppna bild i helsk\u00e4rm<img loading=\"lazy\"   alt=\"\"\/><\/p>\n<p>Bryn\u00e4s Bobby Trivigno.<\/p>\n<p>Foto: OLA WESTERBERG \/ BILDBYR\u00c5N<\/p>\n<p>\u00d6ppna bild i helsk\u00e4rm<\/p>\n<p>S\u00e4songen har knappt startat, men planerna f\u00f6r framtiden har b\u00f6rjat.<\/p>\n<p>Fram till novemberuppeh\u00e5llet kommer det vara ett pussel f\u00f6r sportcheferna i varje <a href=\"https:\/\/www.expressen.se\/tagg\/organization\/shl\/\" class=\"\" rel=\"nofollow noopener\" target=\"_blank\">SHL<\/a>-klubb att se \u00f6ver avtalen f\u00f6r n\u00e4sta s\u00e4song.<\/p>\n<p>Vilka spelare vill man f\u00f6rl\u00e4nga med, och vad s\u00e4ger marknaden?<\/p>\n<p>Vilka spelare kommer man att beh\u00f6va l\u00e4gga mer pengar p\u00e5 f\u00f6r att ens kunna beh\u00e5lla?<\/p>\n<p>Tv\u00e5 s\u00e5dana spelare finns i Bryn\u00e4s och \u00e4r uppe p\u00e5 sportchef Johan Alc\u00e9ns bord.<\/p>\n<p>B\u00e5de Jack Kopacka, 27 och Bobby Trivigno, 26, \u00e4r spelare som satt avtryck, men som spelat p\u00e5 en f\u00f6rh\u00e5llandevis l\u00e5g SHL-l\u00f6n.<\/p>\n<p>Enligt vad Expressen erfar s\u00e5 finns det ett intresse f\u00f6r spelarna p\u00e5 annat h\u00e5ll i SHL.\u00a0<\/p>\n<p>F\u00f6rra s\u00e4songen stod Kopacka f\u00f6r 34 po\u00e4ng, och Trivigno f\u00f6r 31 po\u00e4ng. Detta under sina f\u00f6rsta \u00e5r i SHL.<\/p>\n<p>Har inlett s\u00e4songen starkt<\/p>\n<p>Den h\u00e4r s\u00e4songen har Kopacka inlett med fem po\u00e4ng p\u00e5 fyra matcher, och f\u00f6r Trivigno har det blivit tre po\u00e4ng p\u00e5 tv\u00e5 matcher.<\/p>\n<p>Signalen \u00e4r att deras f\u00f6rsta s\u00e4song i SHL inte var en tillf\u00e4llighet, och spelarna har redan starkt intresse p\u00e5 sig.<\/p>\n<p>Men ocks\u00e5 intresse fr\u00e5n Johan Alc\u00e9n, som givetvis har en budget att f\u00f6rh\u00e5lla sig till, om han ska h\u00f6ja spelarnas kontrakt till n\u00e5got som speglar deras prestationer i SHL p\u00e5 ett b\u00e4ttre s\u00e4tt.<\/p>\n<p>En utmaning som kommer bli intressant att f\u00f6lja under h\u00f6sten.<\/p>\n<p>B\u00e5da spelarna ska vara klart intresserade av att stanna kvar i G\u00e4vle och bygga vidare, men samtidigt ska man komma \u00f6verens om n\u00e5got som alla parter \u00e4r n\u00f6jda med.<\/p>\n<p><strong>H\u00f6r mer i veckans avsnitt av Sanny &amp; Svensson:<\/strong><\/p>\n<p><img alt=\"\"\/>Ljudklippet gick inte att spela upp<\/p>\n<p>F\u00f6rs\u00f6k igen senare<\/p>\n","protected":false},"excerpt":{"rendered":"Publicerad 22 sep 2025 kl 07.00Uppdaterad kl 07.30 Jack Kopacka och Bobby Trivigno har f\u00e5tt en bra start&hellip;\n","protected":false},"author":2,"featured_media":36458,"comment_status":"","ping_status":"","sticky":false,"template":"","format":"standard","meta":{"footnotes":""},"categories":[68],"tags":[824,1179,34,255,823,111,110,31,33,32,30],"class_list":{"0":"post-36457","1":"post","2":"type-post","3":"status-publish","4":"format-standard","5":"has-post-thumbnail","7":"category-sport","8":"tag-organization-brynas-if","9":"tag-organization-shl","10":"tag-se","11":"tag-sections-ishockey","12":"tag-sections-shl","13":"tag-sport","14":"tag-sports","15":"tag-svenska","16":"tag-sverige","17":"tag-sweden","18":"tag-swedish"},"share_on_mastodon":{"url":"","error":""},"_links":{"self":[{"href":"https:\/\/www.europesays.com\/se\/wp-json\/wp\/v2\/posts\/36457","targetHints":{"allow":["GET"]}}],"collection":[{"href":"https:\/\/www.europesays.com\/se\/wp-json\/wp\/v2\/posts"}],"about":[{"href":"https:\/\/www.europesays.com\/se\/wp-json\/wp\/v2\/types\/post"}],"author":[{"embeddable":true,"href":"https:\/\/www.europesays.com\/se\/wp-json\/wp\/v2\/users\/2"}],"replies":[{"embeddable":true,"href":"https:\/\/www.europesays.com\/se\/wp-json\/wp\/v2\/comments?post=36457"}],"version-history":[{"count":0,"href":"https:\/\/www.europesays.com\/se\/wp-json\/wp\/v2\/posts\/36457\/revisions"}],"wp:featuredmedia":[{"embeddable":true,"href":"https:\/\/www.europesays.com\/se\/wp-json\/wp\/v2\/media\/36458"}],"wp:attachment":[{"href":"https:\/\/www.europesays.com\/se\/wp-json\/wp\/v2\/media?parent=36457"}],"wp:term":[{"taxonomy":"category","embeddable":true,"href":"https:\/\/www.europesays.com\/se\/wp-json\/wp\/v2\/categories?post=36457"},{"taxonomy":"post_tag","embeddable":true,"href":"https:\/\/www.europesays.com\/se\/wp-json\/wp\/v2\/tags?post=36457"}],"curies":[{"name":"wp","href":"https:\/\/api.w.org\/{rel}","templated":true}]}}