{"id":364621,"date":"2026-09-03T13:34:08","date_gmt":"2026-09-03T13:34:08","guid":{"rendered":"https:\/\/www.europesays.com\/se\/364621\/"},"modified":"2026-09-03T13:34:08","modified_gmt":"2026-09-03T13:34:08","slug":"xiaomi-presenterar-en-ny-konkurrent-till-ipad-pro-med-133-tums-skarm-och-flaggskeppet-xring-o3","status":"publish","type":"post","link":"https:\/\/www.europesays.com\/se\/364621\/","title":{"rendered":"Xiaomi presenterar en ny konkurrent till iPad Pro med 13,3-tums sk\u00e4rm och flaggskeppet Xring O3"},"content":{"rendered":"<p class=\"bodytext\">Xiaomi har nyligen presenterat sin <a href=\"https:\/\/www.notebookcheck.se\/Xiaomi-lanserar-XRing-O3-och-haevdar-att-det-aer-den-snabbaste-SoC-en-foer-smartphones-med-ett-AnTuTu-resultat-paa-oever-5-miljoner.1377169.0.html\" target=\"_self\" class=\"internal-link\" rel=\"nofollow noopener\">nya flaggskepps-SoC<\/a>, Xring O3, och de f\u00f6rsta enheterna som kommer att utrustas med chipsetet \u00e4r 18 Fold och Pad 9 Pro Max. Strax efter att ha visat upp designen p\u00e5 den f\u00f6rstn\u00e4mnda har varum\u00e4rket nu avsl\u00f6jat den nya Android-surfplattan.<\/p>\n<p class=\"bodytext\">De nya teaserbilderna visar Pad 9 Pro Max i en elegant r\u00f6d f\u00e4rgvariant och bekr\u00e4ftar att Xiaomis nya konkurrent till iPad Pro kommer att f\u00e5 en f\u00f6r\u00e4ndrad design p\u00e5 baksidan. J\u00e4mf\u00f6rt med surfplattorna i den f\u00f6rra generationens <a href=\"https:\/\/www.notebookcheck.se\/Xiaomi-Pad-8-Pro-recension-En-utmaerkt-Snapdragon-8-Elite-surfplatta-till-ett-laagt-pris.1169708.0.html\" target=\"_self\" class=\"internal-link\" rel=\"nofollow noopener\">Pad 8-serie<\/a> har den nya flaggskepps-Android-surfplattan en minimal kamera\u00f6 p\u00e5 baksidan.<\/p>\n<p class=\"bodytext\">Denna modul visar sig rymma en enda kamera och en blixtmodul, och den har en Xring-logotyp p\u00e5 sidan. Bilderna av framsidan visar att surfplattan kommer att ha enhetliga, relativt <a href=\"https:\/\/www.notebookcheck.se\/Teaser-foer-Apple-iPhone-20-Pro-Den-foersta-smarttelefonen-utan-ram-avsloejas-i-en-video-fraan-Tecno.1356978.0.html\" target=\"_self\" class=\"internal-link\" rel=\"nofollow noopener\">smala ramar<\/a>, med selfie-kameran i j\u00e4mnh\u00f6jd med en av sidoramarna.<\/p>\n<p class=\"bodytext\">P\u00e5 en av reklambilderna visar Xiaomi upp surfplattan tillsammans med <a href=\"https:\/\/www.notebookcheck.se\/Ritplattan-XPPen-Artist-Ultra-14-lanseras-med-en-OLED-skaerm-med-multitouch-funktion-och-tvaa-pennor.1367069.0.html\" target=\"_self\" class=\"internal-link\" rel=\"nofollow noopener\">en stylus<\/a> och ett tangentbord, vilket understryker att den \u00e4r utformad med produktivitet i \u00e5tanke. F\u00f6retaget har ocks\u00e5 bekr\u00e4ftat att den kommer att ha en 13,3-tums sk\u00e4rm, men det n\u00e4mns inte uttryckligen vilken typ av sk\u00e4rm det r\u00f6r sig om.<\/p>\n<p class=\"bodytext\">Om man ser tillbaka har toppmodellen i Pad 8-serien en IPS-sk\u00e4rm, och den nya Xiaomi-surfplattan skulle inte vara s\u00e4rskilt attraktiv om den inte hade en OLED-sk\u00e4rm. Det \u00e4r f\u00f6rst\u00e5s inte s\u00e5 att Pad 9 Pro Max f\u00f6rv\u00e4ntas f\u00e5 en bred lansering, eftersom den trots allt kommer att drivas av Xring O3 SoC. F\u00f6r att ge er lite bakgrundsinformation: Xiaomis senaste generation av Xring-drivna enheter f\u00f6rblev exklusiva f\u00f6r den kinesiska marknaden (16\/512 GB Xiaomi 15S Pro med Xring O1 kostar f\u00f6r n\u00e4rvarande <a href=\"https:\/\/tradingshenzhen.com\/en\/xiaomi-15-serie\/xiaomi-15s-pro-16gb512gb?affp=78412\" target=\"_blank\" rel=\"sponsored nofollow noopener\" class=\"external-link-new-window\" data-htmlarea-external=\"1\" rtekeep=\"1\">779,29 dollar p\u00e5 TradingShenzhen<\/a>).<\/p>\n<p class=\"bodytext\">Trots att Xiaomi inte har delat med sig av n\u00e5gra ytterligare specifikationer f\u00f6r surfplattan f\u00f6rv\u00e4ntas den ha ett stort batteri och st\u00f6d f\u00f6r 120 W snabbladdning. Lanseringen \u00e4r planerad till den 7 september 2026 i Kina, och f\u00f6retaget kan komma att avsl\u00f6ja mer om Pad 9 Pro Max redan innan dess.<\/p>\n","protected":false},"excerpt":{"rendered":"Xiaomi har nyligen presenterat sin nya flaggskepps-SoC, Xring O3, och de f\u00f6rsta enheterna som kommer att utrustas med&hellip;\n","protected":false},"author":2,"featured_media":364622,"comment_status":"","ping_status":"","sticky":false,"template":"","format":"standard","meta":{"footnotes":"","_share_on_mastodon":"0"},"categories":[66],"tags":[6565,7083,7202,8656,8662,9999,14113,7084,7085,9716,41941,26865,20327,80,78,79,34,9831,7697,31,33,32,30,7099,81,84,83,82,7141,24011],"class_list":["post-364621","post","type-post","status-publish","format-standard","has-post-thumbnail","category-vetenskap-och-teknik","tag-android","tag-barbar-dator","tag-batteri","tag-chipset","tag-flaggskepp","tag-ipad-pro","tag-laddning","tag-laptop","tag-notebook","tag-oled","tag-pad-9-pro-max","tag-pekpenna","tag-produktivitet","tag-science","tag-science-and-technology","tag-scienceandtechnology","tag-se","tag-skarm","tag-surfplatta","tag-svenska","tag-sverige","tag-sweden","tag-swedish","tag-tangentbord","tag-technology","tag-teknik","tag-vetenskap","tag-vetenskapteknik","tag-xiaomi","tag-xring-o3"],"share_on_mastodon":{"url":"https:\/\/pubeurope.com\/@se\/117207372099135713","error":""},"_links":{"self":[{"href":"https:\/\/www.europesays.com\/se\/wp-json\/wp\/v2\/posts\/364621","targetHints":{"allow":["GET"]}}],"collection":[{"href":"https:\/\/www.europesays.com\/se\/wp-json\/wp\/v2\/posts"}],"about":[{"href":"https:\/\/www.europesays.com\/se\/wp-json\/wp\/v2\/types\/post"}],"author":[{"embeddable":true,"href":"https:\/\/www.europesays.com\/se\/wp-json\/wp\/v2\/users\/2"}],"replies":[{"embeddable":true,"href":"https:\/\/www.europesays.com\/se\/wp-json\/wp\/v2\/comments?post=364621"}],"version-history":[{"count":0,"href":"https:\/\/www.europesays.com\/se\/wp-json\/wp\/v2\/posts\/364621\/revisions"}],"wp:featuredmedia":[{"embeddable":true,"href":"https:\/\/www.europesays.com\/se\/wp-json\/wp\/v2\/media\/364622"}],"wp:attachment":[{"href":"https:\/\/www.europesays.com\/se\/wp-json\/wp\/v2\/media?parent=364621"}],"wp:term":[{"taxonomy":"category","embeddable":true,"href":"https:\/\/www.europesays.com\/se\/wp-json\/wp\/v2\/categories?post=364621"},{"taxonomy":"post_tag","embeddable":true,"href":"https:\/\/www.europesays.com\/se\/wp-json\/wp\/v2\/tags?post=364621"}],"curies":[{"name":"wp","href":"https:\/\/api.w.org\/{rel}","templated":true}]}}