{"id":364647,"date":"2026-09-03T13:48:19","date_gmt":"2026-09-03T13:48:19","guid":{"rendered":"https:\/\/www.europesays.com\/se\/364647\/"},"modified":"2026-09-03T13:48:19","modified_gmt":"2026-09-03T13:48:19","slug":"honkavaara-efter-varvningarna-det-ar-det-som-tranarskap-handlar-om-allsvenskan","status":"publish","type":"post","link":"https:\/\/www.europesays.com\/se\/364647\/","title":{"rendered":"Honkavaara efter v\u00e4rvningarna: \u201dDet \u00e4r det som tr\u00e4narskap handlar om\u201d | Allsvenskan"},"content":{"rendered":"<p>Publicerad 3 sep 2026 kl 11.48<\/p>\n<p>PremiumDjurg\u00e5rden agerade i slutet av transferf\u00f6nstret \u2013\u00a0och det rej\u00e4lt.<\/p>\n<p>Bland annat genom att sl\u00e5 till med allsvenskans dyraste v\u00e4rvning n\u00e5gonsin inom ligan.<\/p>\n<p>H\u00e4r ber\u00e4ttar tr\u00e4nare Honkavaara om:<\/p>\n<p>\u2713 Rosenqvist position<\/p>\n<p>\u2713 L\u00e4get med Abdulmalik: \u201dInte s\u00e4ker\u201d<\/p>\n<p>\u2713 Den stenh\u00e5rda konkurrensen<\/p>\n<p>\u2713 Status p\u00e5 Ringberg<\/p>\n<p>\u2713 Rotation p\u00e5 Listerlandet (?)<\/p>\n<p><img   alt=\"\"\/><\/p>\n<p>Jani Honkavaara.<\/p>\n<p>Foto: JONATHAN N\u00c4CKSTRAND \/ BILDBYR\u00c5N<\/p>\n<p>\u00d6ppna bild i helsk\u00e4rm<\/p>\n","protected":false},"excerpt":{"rendered":"Publicerad 3 sep 2026 kl 11.48 PremiumDjurg\u00e5rden agerade i slutet av transferf\u00f6nstret \u2013\u00a0och det rej\u00e4lt. Bland annat genom&hellip;\n","protected":false},"author":2,"featured_media":364648,"comment_status":"","ping_status":"","sticky":false,"template":"","format":"standard","meta":{"footnotes":"","_share_on_mastodon":"0"},"categories":[68],"tags":[159,30714,138,103,34,111,110,31,33,32,30],"class_list":["post-364647","post","type-post","status-publish","format-standard","has-post-thumbnail","category-sport","tag-allsvenskan","tag-djurgarden-fotboll","tag-fotboll","tag-premium","tag-se","tag-sport","tag-sports","tag-svenska","tag-sverige","tag-sweden","tag-swedish"],"share_on_mastodon":{"url":"https:\/\/pubeurope.com\/@se\/117207427082319777","error":""},"_links":{"self":[{"href":"https:\/\/www.europesays.com\/se\/wp-json\/wp\/v2\/posts\/364647","targetHints":{"allow":["GET"]}}],"collection":[{"href":"https:\/\/www.europesays.com\/se\/wp-json\/wp\/v2\/posts"}],"about":[{"href":"https:\/\/www.europesays.com\/se\/wp-json\/wp\/v2\/types\/post"}],"author":[{"embeddable":true,"href":"https:\/\/www.europesays.com\/se\/wp-json\/wp\/v2\/users\/2"}],"replies":[{"embeddable":true,"href":"https:\/\/www.europesays.com\/se\/wp-json\/wp\/v2\/comments?post=364647"}],"version-history":[{"count":0,"href":"https:\/\/www.europesays.com\/se\/wp-json\/wp\/v2\/posts\/364647\/revisions"}],"wp:featuredmedia":[{"embeddable":true,"href":"https:\/\/www.europesays.com\/se\/wp-json\/wp\/v2\/media\/364648"}],"wp:attachment":[{"href":"https:\/\/www.europesays.com\/se\/wp-json\/wp\/v2\/media?parent=364647"}],"wp:term":[{"taxonomy":"category","embeddable":true,"href":"https:\/\/www.europesays.com\/se\/wp-json\/wp\/v2\/categories?post=364647"},{"taxonomy":"post_tag","embeddable":true,"href":"https:\/\/www.europesays.com\/se\/wp-json\/wp\/v2\/tags?post=364647"}],"curies":[{"name":"wp","href":"https:\/\/api.w.org\/{rel}","templated":true}]}}