{"id":36473,"date":"2025-09-22T08:23:07","date_gmt":"2025-09-22T08:23:07","guid":{"rendered":"https:\/\/www.europesays.com\/se\/36473\/"},"modified":"2025-09-22T08:23:07","modified_gmt":"2025-09-22T08:23:07","slug":"unik-attack-mot-ryska-flygplan-forsta-nagonsin","status":"publish","type":"post","link":"https:\/\/www.europesays.com\/se\/36473\/","title":{"rendered":"Unik attack mot ryska flygplan: \u201dF\u00f6rsta n\u00e5gonsin\u201d"},"content":{"rendered":"<p>Ukraina har attackerat tv\u00e5 flygplan av modell Be-12 p\u00e5 den ockuperade Krymhalv\u00f6n, den f\u00f6rsta attacken mot denna flygplanstyp n\u00e5gonsin, rapporterar Kyiv Independent. <\/p>\n<p>Det \u00e4r den ukrainska underr\u00e4ttelsetj\u00e4nsten, HUR, som meddelar att attacken genomf\u00f6rdes under s\u00f6ndagen. Myndigheten uppger ocks\u00e5 att en rysk Mi-8-helikopter tr\u00e4ffades i attacken.<\/p>\n<p>Natten till m\u00e5ndag attackerades \u00e4ven staden Zaporizjzja i s\u00f6dra Ukraina. Minst tre personer d\u00f6dades och tre skadades, enligt ukrainska medier.<\/p>\n<p>Omni \u00e4r politiskt obundna och oberoende. Vi str\u00e4var efter att ge fler perspektiv p\u00e5 nyheterna. Har du fr\u00e5gor eller synpunkter kring v\u00e5r rapportering? <a href=\"https:\/\/omni.se\/unik-attack-mot-ryska-flygplan-forsta-nagonsin\/a\/mailto:redaktion@omni.se\" class=\"ArticleActions_contactLink__W2F1M\" rel=\"nofollow noopener\" target=\"_blank\">Kontakta redaktionen<\/a><\/p>\n","protected":false},"excerpt":{"rendered":"Ukraina har attackerat tv\u00e5 flygplan av modell Be-12 p\u00e5 den ockuperade Krymhalv\u00f6n, den f\u00f6rsta attacken mot denna flygplanstyp&hellip;\n","protected":false},"author":2,"featured_media":36474,"comment_status":"","ping_status":"","sticky":false,"template":"","format":"standard","meta":{"footnotes":""},"categories":[14],"tags":[22,23,267,26,27,17,21,24,25,28,29,15,16,18,269,264,34,31,33,32,30,19,20,263,51,52,53,54],"class_list":{"0":"post-36473","1":"post","2":"type-post","3":"status-publish","4":"format-standard","5":"has-post-thumbnail","7":"category-varlden","8":"tag-breaking-news","9":"tag-breakingnews","10":"tag-europa","11":"tag-featured-news","12":"tag-featurednews","13":"tag-headlines","14":"tag-huvudnyheter","15":"tag-latest-news","16":"tag-latestnews","17":"tag-main-news","18":"tag-mainnews","19":"tag-news","20":"tag-nyheter","21":"tag-rubriker","22":"tag-ryska-invasionen","23":"tag-ryssland","24":"tag-se","25":"tag-svenska","26":"tag-sverige","27":"tag-sweden","28":"tag-swedish","29":"tag-top-stories","30":"tag-topstories","31":"tag-ukraina","32":"tag-varlden","33":"tag-world","34":"tag-world-news","35":"tag-worldnews"},"share_on_mastodon":{"url":"","error":""},"_links":{"self":[{"href":"https:\/\/www.europesays.com\/se\/wp-json\/wp\/v2\/posts\/36473","targetHints":{"allow":["GET"]}}],"collection":[{"href":"https:\/\/www.europesays.com\/se\/wp-json\/wp\/v2\/posts"}],"about":[{"href":"https:\/\/www.europesays.com\/se\/wp-json\/wp\/v2\/types\/post"}],"author":[{"embeddable":true,"href":"https:\/\/www.europesays.com\/se\/wp-json\/wp\/v2\/users\/2"}],"replies":[{"embeddable":true,"href":"https:\/\/www.europesays.com\/se\/wp-json\/wp\/v2\/comments?post=36473"}],"version-history":[{"count":0,"href":"https:\/\/www.europesays.com\/se\/wp-json\/wp\/v2\/posts\/36473\/revisions"}],"wp:featuredmedia":[{"embeddable":true,"href":"https:\/\/www.europesays.com\/se\/wp-json\/wp\/v2\/media\/36474"}],"wp:attachment":[{"href":"https:\/\/www.europesays.com\/se\/wp-json\/wp\/v2\/media?parent=36473"}],"wp:term":[{"taxonomy":"category","embeddable":true,"href":"https:\/\/www.europesays.com\/se\/wp-json\/wp\/v2\/categories?post=36473"},{"taxonomy":"post_tag","embeddable":true,"href":"https:\/\/www.europesays.com\/se\/wp-json\/wp\/v2\/tags?post=36473"}],"curies":[{"name":"wp","href":"https:\/\/api.w.org\/{rel}","templated":true}]}}