{"id":364781,"date":"2026-09-03T15:09:20","date_gmt":"2026-09-03T15:09:20","guid":{"rendered":"https:\/\/www.europesays.com\/se\/364781\/"},"modified":"2026-09-03T15:09:20","modified_gmt":"2026-09-03T15:09:20","slug":"hur-ska-jag-gora-sa-att-arvet-blir-rattvist-mellan-dottrarna","status":"publish","type":"post","link":"https:\/\/www.europesays.com\/se\/364781\/","title":{"rendered":"Hur ska jag g\u00f6ra s\u00e5 att arvet blir r\u00e4ttvist mellan d\u00f6ttrarna?"},"content":{"rendered":"<p>Publicerad 3 sep 2026 kl 17.00<\/p>\n<p>Premium\u201dMaja\u201d har hj\u00e4lpt en av sina d\u00f6ttrar med en stor summa pengar.\u00a0<\/p>\n<p>Hur ska hon g\u00f6ra s\u00e5 att det blir r\u00e4ttvist f\u00f6r den andra dottern den dagen syskonen ska \u00e4rva henne? Kan ett ISK-konto vara n\u00e5got?<\/p>\n<p>Ekonomijournalisten Birgitta Piper reder ut.<\/p>\n<p><a href=\"https:\/\/www.expressen.se\/premium\/ekonomi\/\" rel=\"nofollow noopener\" target=\"_blank\">Experttips, unika nyheter och pl\u00e5nboksfr\u00e5gor \u2013 mer ekonomi hittar du h\u00e4r<\/a><\/p>\n<p><img   alt=\"\"\/><\/p>\n<p>Hur \u00e4r man r\u00e4ttvis mot alla syskon n\u00e4r det g\u00e4ller ett kommande arv? Birgitta Piper ger r\u00e5d.<\/p>\n<p>Foto: New Africa \/ Shutterstock<\/p>\n<p>\u00d6ppna bild i helsk\u00e4rm<\/p>\n","protected":false},"excerpt":{"rendered":"Publicerad 3 sep 2026 kl 17.00 Premium\u201dMaja\u201d har hj\u00e4lpt en av sina d\u00f6ttrar med en stor summa pengar.\u00a0&hellip;\n","protected":false},"author":2,"featured_media":364782,"comment_status":"","ping_status":"","sticky":false,"template":"","format":"standard","meta":{"footnotes":"","_share_on_mastodon":"0"},"categories":[65],"tags":[20388,72,70,71,20389,3278,41964,103,20390,34,31,33,32,30],"class_list":["post-364781","post","type-post","status-publish","format-standard","has-post-thumbnail","category-ekonomi","tag-arv-testamente","tag-business","tag-economy","tag-ekonomi","tag-familjejuridik","tag-kvinna","tag-m-magasin","tag-premium","tag-premium-ekonomi","tag-se","tag-svenska","tag-sverige","tag-sweden","tag-swedish"],"share_on_mastodon":{"url":"https:\/\/pubeurope.com\/@se\/117207745561991089","error":""},"_links":{"self":[{"href":"https:\/\/www.europesays.com\/se\/wp-json\/wp\/v2\/posts\/364781","targetHints":{"allow":["GET"]}}],"collection":[{"href":"https:\/\/www.europesays.com\/se\/wp-json\/wp\/v2\/posts"}],"about":[{"href":"https:\/\/www.europesays.com\/se\/wp-json\/wp\/v2\/types\/post"}],"author":[{"embeddable":true,"href":"https:\/\/www.europesays.com\/se\/wp-json\/wp\/v2\/users\/2"}],"replies":[{"embeddable":true,"href":"https:\/\/www.europesays.com\/se\/wp-json\/wp\/v2\/comments?post=364781"}],"version-history":[{"count":0,"href":"https:\/\/www.europesays.com\/se\/wp-json\/wp\/v2\/posts\/364781\/revisions"}],"wp:featuredmedia":[{"embeddable":true,"href":"https:\/\/www.europesays.com\/se\/wp-json\/wp\/v2\/media\/364782"}],"wp:attachment":[{"href":"https:\/\/www.europesays.com\/se\/wp-json\/wp\/v2\/media?parent=364781"}],"wp:term":[{"taxonomy":"category","embeddable":true,"href":"https:\/\/www.europesays.com\/se\/wp-json\/wp\/v2\/categories?post=364781"},{"taxonomy":"post_tag","embeddable":true,"href":"https:\/\/www.europesays.com\/se\/wp-json\/wp\/v2\/tags?post=364781"}],"curies":[{"name":"wp","href":"https:\/\/api.w.org\/{rel}","templated":true}]}}