{"id":364831,"date":"2026-09-03T15:39:14","date_gmt":"2026-09-03T15:39:14","guid":{"rendered":"https:\/\/www.europesays.com\/se\/364831\/"},"modified":"2026-09-03T15:39:14","modified_gmt":"2026-09-03T15:39:14","slug":"jesper-jansson-talar-ut-efter-chockbeskedet-maste-fa-ett-slut-allsvenskan","status":"publish","type":"post","link":"https:\/\/www.europesays.com\/se\/364831\/","title":{"rendered":"Jesper Jansson talar ut efter chockbeskedet: \u201dM\u00e5ste f\u00e5 ett slut\u201d | Allsvenskan"},"content":{"rendered":"<p>Uppdaterad 3 sep 2026 kl 17.15Publicerad 3 sep 2026 kl 16.56<\/p>\n<p>PremiumJesper Jansson, 55, l\u00e4mnar rollen som fotbollschef i IFK G\u00f6teborg.<\/p>\n<p>I en stor intervju med Expressen talar han nu ut om vad som ligger bakom beslutet, kontroverserna, samtalet fr\u00e5n Stefan Billborn och vad han upplever som en oh\u00e4lsosam kultur i och runt klubben.<\/p>\n<p>\u2013 Det m\u00e5ste f\u00e5 ett slut, s\u00e4ger han.<\/p>\n<p><img   alt=\"\"\/><\/p>\n<p>Jesper Jansson l\u00e4mnar IFK G\u00f6teborg.<\/p>\n<p>Foto: MICHAEL ERICHSEN \/ BILDBYR\u00c5N<\/p>\n<p>\u00d6ppna bild i helsk\u00e4rm<img loading=\"lazy\"   alt=\"\"\/> <\/p>\n<p>Foto: MICHAEL ERICHSEN \/ BILDBYR\u00c5N<\/p>\n<p>\u00d6ppna bild i helsk\u00e4rm<img loading=\"lazy\"   alt=\"\"\/><\/p>\n<p>Stefan Billborn.<\/p>\n<p>Foto: ANNA H\u00c5LLAMS \/ TT NYHETSBYR\u00c5N<\/p>\n<p>\u00d6ppna bild i helsk\u00e4rm<img loading=\"lazy\"   alt=\"\"\/> <\/p>\n<p>Foto: MICHAEL ERICHSEN \/ BILDBYR\u00c5N<\/p>\n<p>\u00d6ppna bild i helsk\u00e4rm<\/p>\n","protected":false},"excerpt":{"rendered":"Uppdaterad 3 sep 2026 kl 17.15Publicerad 3 sep 2026 kl 16.56 PremiumJesper Jansson, 55, l\u00e4mnar rollen som fotbollschef&hellip;\n","protected":false},"author":2,"featured_media":364832,"comment_status":"","ping_status":"","sticky":false,"template":"","format":"standard","meta":{"footnotes":"","_share_on_mastodon":"0"},"categories":[68],"tags":[159,138,1102,18322,103,34,111,110,18321,31,33,32,30],"class_list":["post-364831","post","type-post","status-publish","format-standard","has-post-thumbnail","category-sport","tag-allsvenskan","tag-fotboll","tag-ifk-goteborg","tag-jesper-jansson","tag-premium","tag-se","tag-sport","tag-sports","tag-stefan-billborn","tag-svenska","tag-sverige","tag-sweden","tag-swedish"],"share_on_mastodon":{"url":"https:\/\/pubeurope.com\/@se\/117207863333314559","error":""},"_links":{"self":[{"href":"https:\/\/www.europesays.com\/se\/wp-json\/wp\/v2\/posts\/364831","targetHints":{"allow":["GET"]}}],"collection":[{"href":"https:\/\/www.europesays.com\/se\/wp-json\/wp\/v2\/posts"}],"about":[{"href":"https:\/\/www.europesays.com\/se\/wp-json\/wp\/v2\/types\/post"}],"author":[{"embeddable":true,"href":"https:\/\/www.europesays.com\/se\/wp-json\/wp\/v2\/users\/2"}],"replies":[{"embeddable":true,"href":"https:\/\/www.europesays.com\/se\/wp-json\/wp\/v2\/comments?post=364831"}],"version-history":[{"count":0,"href":"https:\/\/www.europesays.com\/se\/wp-json\/wp\/v2\/posts\/364831\/revisions"}],"wp:featuredmedia":[{"embeddable":true,"href":"https:\/\/www.europesays.com\/se\/wp-json\/wp\/v2\/media\/364832"}],"wp:attachment":[{"href":"https:\/\/www.europesays.com\/se\/wp-json\/wp\/v2\/media?parent=364831"}],"wp:term":[{"taxonomy":"category","embeddable":true,"href":"https:\/\/www.europesays.com\/se\/wp-json\/wp\/v2\/categories?post=364831"},{"taxonomy":"post_tag","embeddable":true,"href":"https:\/\/www.europesays.com\/se\/wp-json\/wp\/v2\/tags?post=364831"}],"curies":[{"name":"wp","href":"https:\/\/api.w.org\/{rel}","templated":true}]}}