{"id":364887,"date":"2026-09-03T16:16:33","date_gmt":"2026-09-03T16:16:33","guid":{"rendered":"https:\/\/www.europesays.com\/se\/364887\/"},"modified":"2026-09-03T16:16:33","modified_gmt":"2026-09-03T16:16:33","slug":"den-nya-barbara-datorn-lenovo-thinkbook-14-gen-9-lanseras-med-storre-batteri-och-ny-soc","status":"publish","type":"post","link":"https:\/\/www.europesays.com\/se\/364887\/","title":{"rendered":"Den nya b\u00e4rbara datorn Lenovo ThinkBook 14 Gen 9 lanseras med st\u00f6rre batteri och ny SoC"},"content":{"rendered":"<p class=\"bodytext\">Lenovo gjorde Intel Panther Lake-processorerna tillg\u00e4ngliga f\u00f6r allm\u00e4nheten i februari 2026 i samband med lanseringen av ThinkBook 14 Gen 9 och ThinkBook 16 Gen 9. I v\u00e5r recension av Lenovo ThinkBook 14 Gen 9 m\u00e4tte vi en b\u00e4ttre batteritid \u00e4n hos Gen 8-modellen och ber\u00f6mde \u00e4ven den b\u00e4rbara datorn f\u00f6r dess tangentbord, utbud av portar och prisv\u00e4rdhet. &#13;<\/p>\n<p class=\"bodytext\">Lenovo har nu uppdaterat ThinkBook 14 Gen 9, tillsammans med ThinkBook 14x Gen 2, med Snapdragon X2 Plus SoC och ett n\u00e5got st\u00f6rre batteri p\u00e5 50 Wh.<\/p>\n<p class=\"bodytext\">Den nya Lenovo ThinkBook 14 Gen 9 med Snapdragon X2 Plus liknar i stort sett Intel Panther Lake-varianten, med n\u00e5gra f\u00e5 f\u00f6r\u00e4ndringar. Den st\u00f6rsta f\u00f6r\u00e4ndringen \u00e4r den ARM-baserade Snapdragon X2 Plus-SoC:en med en TDP p\u00e5 25 W, som ger b\u00e4ttre prestanda f\u00f6r enkelk\u00e4rniga och flerk\u00e4rniga processorer, iGPU och NPU j\u00e4mf\u00f6rt med Snapdragon X Plus. Lenovo kombinerar Snapdragon X2 Plus med upp till 32 GB LPDDR5x-9523-minne, en 1 TB SSD och ett 50 Wh-batteri.<\/p>\n<p class=\"bodytext\">Lyckligtvis \u00e4r du inte egentligen begr\u00e4nsad till endast 1 TB lagringsutrymme, eftersom det finns en andra M.2 2280 SSD-plats f\u00f6r lagringsutbyggnad.<\/p>\n<p class=\"bodytext\">Om vi g\u00e5r vidare till enhetens framsida kommer Lenovo ThinkBook 14 Gen 9 att finnas tillg\u00e4nglig med en 14-tums WUXGA (1 920 x 1 200) IPS-sk\u00e4rm med en uppdateringsfrekvens p\u00e5 60 Hz, en maximal ljusstyrka p\u00e5 400 nits och valfritt st\u00f6d f\u00f6r pekfunktion. Tyv\u00e4rr erbjuder Lenovo endast en sk\u00e4rm med blygsamma 45 % NTSC-t\u00e4ckning, vilket var en av de st\u00f6rsta inv\u00e4ndningarna i <a href=\"https:\/\/www.notebookcheck.se\/32-GB-DDR5-RAM-och-prisvaerd-Recension-av-baerbar-dator-Lenovo-ThinkBook-14-G9-IPL.1333116.0.html\" target=\"_self\" class=\"internal-link\" rel=\"nofollow noopener\">v\u00e5r recension av ThinkBook 14 Gen 9<\/a>.<\/p>\n<p class=\"bodytext\">N\u00e4r det g\u00e4ller anslutningar har vi f\u00f6ljande:<\/p>\n<ul>\n<li>Tv\u00e5 Type-C-anslutningar<\/li>\n<li>Tv\u00e5 Type-A-portar<\/li>\n<li>En HDMI-utg\u00e5ng<\/li>\n<li>Ett 3,5 mm ljuduttag<\/li>\n<li>En SD-kortl\u00e4sare<\/li>\n<li>Ett Kensington-l\u00e5s<\/li>\n<\/ul>\n<p class=\"bodytext\">Slutligen kompletterar Wi-Fi 7, ett bakgrundsbelyst tangentbord, en FHD-webbkamera och tv\u00e5 2 W-h\u00f6gtalare paketet. Den b\u00e4rbara datorn \u00e4r 17,39 mm tjock och v\u00e4ger fr\u00e5n 1,3 kg (2,87 lbs).<\/p>\n","protected":false},"excerpt":{"rendered":"Lenovo gjorde Intel Panther Lake-processorerna tillg\u00e4ngliga f\u00f6r allm\u00e4nheten i februari 2026 i samband med lanseringen av ThinkBook 14&hellip;\n","protected":false},"author":2,"featured_media":364888,"comment_status":"","ping_status":"","sticky":false,"template":"","format":"standard","meta":{"footnotes":"","_share_on_mastodon":"0"},"categories":[66],"tags":[7083,41968,7084,41966,41967,7085,41969,80,78,79,34,31,33,32,30,81,84,83,82],"class_list":["post-364887","post","type-post","status-publish","format-standard","has-post-thumbnail","category-vetenskap-och-teknik","tag-barbar-dator","tag-lansering-av-ny-lenovo-barbar-dator","tag-laptop","tag-lenovo-thinkbook-14-gen-9","tag-lenovo-thinkbook-gen-9-snapdragon-x2-plus","tag-notebook","tag-ny-lenovo-barbar-dator","tag-science","tag-science-and-technology","tag-scienceandtechnology","tag-se","tag-svenska","tag-sverige","tag-sweden","tag-swedish","tag-technology","tag-teknik","tag-vetenskap","tag-vetenskapteknik"],"share_on_mastodon":{"url":"https:\/\/pubeurope.com\/@se\/117208009049340356","error":""},"_links":{"self":[{"href":"https:\/\/www.europesays.com\/se\/wp-json\/wp\/v2\/posts\/364887","targetHints":{"allow":["GET"]}}],"collection":[{"href":"https:\/\/www.europesays.com\/se\/wp-json\/wp\/v2\/posts"}],"about":[{"href":"https:\/\/www.europesays.com\/se\/wp-json\/wp\/v2\/types\/post"}],"author":[{"embeddable":true,"href":"https:\/\/www.europesays.com\/se\/wp-json\/wp\/v2\/users\/2"}],"replies":[{"embeddable":true,"href":"https:\/\/www.europesays.com\/se\/wp-json\/wp\/v2\/comments?post=364887"}],"version-history":[{"count":0,"href":"https:\/\/www.europesays.com\/se\/wp-json\/wp\/v2\/posts\/364887\/revisions"}],"wp:featuredmedia":[{"embeddable":true,"href":"https:\/\/www.europesays.com\/se\/wp-json\/wp\/v2\/media\/364888"}],"wp:attachment":[{"href":"https:\/\/www.europesays.com\/se\/wp-json\/wp\/v2\/media?parent=364887"}],"wp:term":[{"taxonomy":"category","embeddable":true,"href":"https:\/\/www.europesays.com\/se\/wp-json\/wp\/v2\/categories?post=364887"},{"taxonomy":"post_tag","embeddable":true,"href":"https:\/\/www.europesays.com\/se\/wp-json\/wp\/v2\/tags?post=364887"}],"curies":[{"name":"wp","href":"https:\/\/api.w.org\/{rel}","templated":true}]}}