{"id":364913,"date":"2026-09-03T16:32:15","date_gmt":"2026-09-03T16:32:15","guid":{"rendered":"https:\/\/www.europesays.com\/se\/364913\/"},"modified":"2026-09-03T16:32:15","modified_gmt":"2026-09-03T16:32:15","slug":"capcom-spotlight-forhoppningar-om-en-uppdatering-av-resident-evil-veronica","status":"publish","type":"post","link":"https:\/\/www.europesays.com\/se\/364913\/","title":{"rendered":"Capcom Spotlight: F\u00f6rhoppningar om en uppdatering av Resident Evil Veronica"},"content":{"rendered":"<p>\t\t<a href=\"https:\/\/www.notebookcheck.se\/fileadmin\/Notebooks\/News\/_nc5\/Resident-Evil-Veronica86.jpg\" title=\"Officiell bild fr\u00e5n Resident Evil: Veronica,\" data-caption=\"Officiell bild fr\u00e5n Resident Evil: Veronica,\" rel=\"nofollow noopener\" target=\"_blank\"><img decoding=\"async\" src=\"https:\/\/www.europesays.com\/se\/wp-content\/uploads\/2026\/09\/csm_Resident-Evil-Veronica86_149d847cca.jpg\" loading=\"lazy\" width=\"240\" height=\"180\" alt=\"Officiell bild fr\u00e5n Resident Evil: Veronica,\"\/><\/p>\n<p>\u24d8 Capcom.com<\/p>\n<p><\/a>Officiell bild fr\u00e5n Resident Evil: Veronica,<\/p>\n<p>Capcom har planerat en 40-minuters s\u00e4ndning av Capcom Spotlight den 16 september 2026 p\u00e5 Tokyo Game Show 2026, d\u00e4r man f\u00f6rv\u00e4ntas presentera Resident Evil Veronica och mycket mer.<\/p>\n<p class=\"bodytext\">Capcom kommer att h\u00e5lla en 40-minuters digital presentation, Capcom Spotlight, den 16 september 2026&#8230; som inledning p\u00e5 deras bevakning av Tokyo Game Show 2026. S\u00e4ndningen b\u00f6rjar kl. 07:00 PT \/ 10:00 ET (23:00 JST) och kommer att inneh\u00e5lla projektuppdateringar, insikter fr\u00e5n utvecklare och avsl\u00f6janden om spelupplevelser fr\u00e5n Capcoms kommande utbud, med stora f\u00f6rv\u00e4ntningar kring Resident Evil Veronica.  &#13;<\/p>\n<p>40-minuterss\u00e4ndning inf\u00f6r \u00f6ppningen av TGS-m\u00e4ssan<\/p>\n<p class=\"bodytext\">Den digitala presentationen s\u00e4nds globalt med undertexter p\u00e5 13 spr\u00e5k och g\u00e5r av stapeln dagen innan Tokyo Game Show 2026 \u00f6ppnar f\u00f6r press och branschbes\u00f6kare den 17 september, samt tre dagar innan m\u00e4ssan \u00f6ppnar f\u00f6r allm\u00e4nheten den 19 september. Evenemanget p\u00e5g\u00e5r till och med den 21 september p\u00e5 Makuhari Messe i Chiba.\u00a0  &#13;<\/p>\n<p class=\"bodytext\">Capcoms utbud <a href=\"https:\/\/www.capcom-games.com\/tgs\/en-us\/\" data-htmlarea-external=\"1\" rtekeep=\"1\" rel=\"nofollow noopener\" target=\"_blank\">vid TGS-montern<\/a> inkluderar <a href=\"https:\/\/www.notebookcheck.se\/Monster-Hunter-Wilds-Ascendance-planeras-att-slaeppas-2027.1325625.0.html\" target=\"_self\" class=\"internal-link\" rel=\"nofollow noopener\">Monster Hunter Wilds: Ascendance<\/a>, Dragon\u2019s Dogma 2: Dark Arisen, Mega Man: Dual Override, <a href=\"https:\/\/www.notebookcheck.se\/Capcom-saeger-att-remakes-av-Resident-Evil-goer-det-moejligt-foer-foeretaget-att-finansiera-nya-spel-och-IP-n-som-Pragmata.1354338.0.html\" target=\"_self\" class=\"internal-link\" rel=\"nofollow noopener\">Pragmata<\/a>, <a href=\"https:\/\/www.notebookcheck.se\/Onimusha-Way-of-the-Sword-utoekad-demoversion.1383933.0.html\" target=\"_self\" class=\"internal-link\" rel=\"nofollow noopener\">Onimusha: Way of the Sword<\/a> och <a href=\"https:\/\/www.notebookcheck.se\/Street-Fighter-6-AAr-4-pass-Pris-karaktaerer-och-lanseringsschema.1335491.0.html\" target=\"_self\" class=\"internal-link\" rel=\"nofollow noopener\">Street Fighter 6<\/a>, tillsammans med partnerutst\u00e4llningar s\u00e5som en spelbar demo av Monster Hunter Outlanders. Capcom har p\u00e5pekat att den fullst\u00e4ndiga listan \u00f6ver Spotlight-presentationer \u00e4nnu inte \u00e4r helt fastst\u00e4lld, vilket l\u00e4mnar utrymme f\u00f6r ytterligare tillk\u00e4nnagivanden innan s\u00e4ndningen g\u00e5r live. Trots detta erbjuder s\u00e4ndningen en dedikerad plattform f\u00f6r stora avsl\u00f6janden och statusuppdateringar om titlar som fortfarande \u00e4r under aktiv utveckling.<\/p>\n<p>\tF\u00f6rv\u00e4ntad uppm\u00e4rksamhet kring Resident Evil Veronica<\/p>\n<p class=\"bodytext\">Efter den officiella avsl\u00f6jningen under Summer Game Fest 2026 framst\u00e5r <a href=\"https:\/\/www.notebookcheck.se\/Capcom-bekraeftar-vilka-plattformar-Resident-Evil-Veronica-kommer-att-slaeppas-paa-samt-lanseringen-2027.1335323.0.html\" target=\"_self\" class=\"internal-link\" rel=\"nofollow noopener\">Resident Evil Veronica<\/a> som en av de mest efterl\u00e4ngtade titlarna som kan dyka upp under presentationen, \u00e4ven om Capcom inte har bekr\u00e4ftat att spelet kommer att visas. Remaken \u00e4r byggd p\u00e5 Capcoms RE Engine och planerad att lanseras 2027 p\u00e5 PlayStation 5, Xbox Series X\/S, Nintendo Switch 2 och PC. Den omvandlar den klassiska survival horror-titeln fr\u00e5n 2000 till en upplevelse uteslutande i tredje person, utformad efter remakerna av Resident Evil 2 och Resident Evil 4.\u00a0&#13;<\/p>\n<p class=\"bodytext\">Handlingen f\u00f6ljer Claire Redfield n\u00e4r hon letar efter sin bror Chris och hamnar p\u00e5 den isolerade \u00f6n Rockfort, d\u00e4r hon m\u00f6ter medf\u00e5ngen Steve Burnside och syskonen Ashford. Fans hoppas att s\u00e4ndningen den 16 september kommer att ge en f\u00f6rsta titt p\u00e5 ut\u00f6kad spelupplevelse med vy \u00f6ver axeln och uppdaterad stridsmekanik.&#13;<\/p>\n<p>S\u00e4ndningsinformation<\/p>\n<p class=\"bodytext\">Capcom Spotlight s\u00e4nds onsdagen den 16 september 2026 kl. 07:00 PT \/ 10:00 ET p\u00e5 Capcoms officiella <a href=\"https:\/\/www.youtube.com\/@CapcomUSA\" rel=\"nofollow noopener\" target=\"_blank\">YouTube-<\/a> och <a href=\"http:\/\/twitch.tv\/capcomusa\" target=\"_blank\" rel=\"nofollow noopener\">Twitch-kanaler<\/a>.<\/p>\n<p>\t<a href=\"\"><img decoding=\"async\" src=\"https:\/\/www.europesays.com\/se\/wp-content\/uploads\/2026\/09\/1788453135_397_csm_Darryl_Linington_profile_image_August_2025_e5c96493d5.jpg\" loading=\"lazy\" width=\"120\" height=\"120\" alt=\"Darryl Linington\"\/><\/a><a href=\"\"><img decoding=\"async\" src=\"https:\/\/www.europesays.com\/se\/wp-content\/uploads\/2026\/09\/1788453135_417_csm_ninh_duy_ee54bf9777.jpg\" loading=\"lazy\" width=\"120\" height=\"120\" alt=\"DeepL \/ Ninh Duy\"\/><\/a>Translator: <a href=\"\" class=\"j_name\">Ninh Ngoc Duy<\/a> &#8211; Translation Sections Manager  &#8211; 838745 articles published on Notebookcheck since 2008<\/p>\n","protected":false},"excerpt":{"rendered":"\u24d8 Capcom.com Officiell bild fr\u00e5n Resident Evil: Veronica, Capcom har planerat en 40-minuters s\u00e4ndning av Capcom Spotlight den&hellip;\n","protected":false},"author":2,"featured_media":364914,"comment_status":"","ping_status":"","sticky":false,"template":"","format":"standard","meta":{"footnotes":"","_share_on_mastodon":"0"},"categories":[66],"tags":[7083,41975,41977,41980,41983,41982,7084,7085,41979,41984,41981,41976,41978,80,78,79,34,31,33,32,30,81,84,83,82],"class_list":["post-364913","post","type-post","status-publish","format-standard","has-post-thumbnail","category-vetenskap-och-teknik","tag-barbar-dator","tag-capcom-spotlight-september-2026","tag-capcoms-sandning-fran-tokyo-game-show","tag-capcoms-tgs-2026-program","tag-demo-av-mega-man-dual-override","tag-dragonx27s-dogma-2-dark-arisen-pa-tgs","tag-laptop","tag-notebook","tag-presentation-av-spelet-resident-evil-veronica","tag-re-engine-resident-evil-veronica","tag-remake-av-resident-evil-code-veronica-2027","tag-resident-evil-veronica-tgs-2026","tag-sandningstid-for-capcom-spotlight","tag-science","tag-science-and-technology","tag-scienceandtechnology","tag-se","tag-svenska","tag-sverige","tag-sweden","tag-swedish","tag-technology","tag-teknik","tag-vetenskap","tag-vetenskapteknik"],"share_on_mastodon":{"url":"","error":"Validation failed: Text character limit of 500 exceeded"},"_links":{"self":[{"href":"https:\/\/www.europesays.com\/se\/wp-json\/wp\/v2\/posts\/364913","targetHints":{"allow":["GET"]}}],"collection":[{"href":"https:\/\/www.europesays.com\/se\/wp-json\/wp\/v2\/posts"}],"about":[{"href":"https:\/\/www.europesays.com\/se\/wp-json\/wp\/v2\/types\/post"}],"author":[{"embeddable":true,"href":"https:\/\/www.europesays.com\/se\/wp-json\/wp\/v2\/users\/2"}],"replies":[{"embeddable":true,"href":"https:\/\/www.europesays.com\/se\/wp-json\/wp\/v2\/comments?post=364913"}],"version-history":[{"count":0,"href":"https:\/\/www.europesays.com\/se\/wp-json\/wp\/v2\/posts\/364913\/revisions"}],"wp:featuredmedia":[{"embeddable":true,"href":"https:\/\/www.europesays.com\/se\/wp-json\/wp\/v2\/media\/364914"}],"wp:attachment":[{"href":"https:\/\/www.europesays.com\/se\/wp-json\/wp\/v2\/media?parent=364913"}],"wp:term":[{"taxonomy":"category","embeddable":true,"href":"https:\/\/www.europesays.com\/se\/wp-json\/wp\/v2\/categories?post=364913"},{"taxonomy":"post_tag","embeddable":true,"href":"https:\/\/www.europesays.com\/se\/wp-json\/wp\/v2\/tags?post=364913"}],"curies":[{"name":"wp","href":"https:\/\/api.w.org\/{rel}","templated":true}]}}