{"id":364967,"date":"2026-09-03T17:04:14","date_gmt":"2026-09-03T17:04:14","guid":{"rendered":"https:\/\/www.europesays.com\/se\/364967\/"},"modified":"2026-09-03T17:04:14","modified_gmt":"2026-09-03T17:04:14","slug":"amen-thompson-skriver-megakontrakt-vart-tva-miljarder","status":"publish","type":"post","link":"https:\/\/www.europesays.com\/se\/364967\/","title":{"rendered":"Amen Thompson skriver megakontrakt v\u00e4rt tv\u00e5 miljarder"},"content":{"rendered":"<p>  <a class=\"_link_1lr5y_108\" href=\"https:\/\/aftonbladet.se\/av\/alexander-jonsson\" title=\"Alexander Jonsson\" rel=\"nofollow noopener\" target=\"_blank\"><img alt=\"Bild av Alexander Jonsson\" class=\"_image_1lr5y_85\" fetchpriority=\"low\" decoding=\"async\" itemprop=\"image\" loading=\"lazy\"  src=\"https:\/\/www.europesays.com\/se\/wp-content\/uploads\/2026\/09\/1788455054_185_1c3b889a-02c2-4870-b49a-c09d6332602f.png\"  width=\"480\"\/><\/a> <img alt=\"\" class=\"_image_1jxax_84 layout-component layout-wide\" data-fullscreen- data-track-element-type=\"Article image fullscreen\" data-track-name=\"ImageFullscreen\" fetchpriority=\"high\" decoding=\"sync\" loading=\"eager\" height=\"2400\" itemprop=\"image\"  src=\"https:\/\/www.europesays.com\/se\/wp-content\/uploads\/2026\/09\/20912744-a69e-3b50-9cc6-f48d91667b23.jpeg\"  style=\"object-position:0% 0%\" width=\"3600\"\/>  Foto: DAVID REGINEK \/ REUTERSVisa mer<\/p>\n<p class=\"_textTheme_4io5p_1 _lead_16k26_2 _lead_3ue4t_18 layout-component layout-normal layout-padded _lead_o6m9k_5 _leadTheme_cypwp_1 body-large bold\">NBA-spelaren Amen Thompson, 23, f\u00f6rl\u00e4nger med Houston Rockets. <\/p>\n<p class=\"_textTheme_4io5p_1 _lead_16k26_2 _lead_3ue4t_18 layout-component layout-normal layout-padded _lead_o6m9k_5 _leadTheme_cypwp_1 body-large bold\">Spelaren har skrivit p\u00e5 ett avtal v\u00e4rt tv\u00e5 miljarder kronor, enligt <a href=\"https:\/\/www.instagram.com\/p\/Dc1Ba4MRh8c\/?utm_source=ig_web_copy_link&amp;igsi=NTc4MTIwNjQ2YQ==\" class=\"_link_16k26_32\" rel=\"nofollow noopener\" target=\"_blank\">ESPN<\/a>. <\/p>\n<p class=\"_textTheme_4io5p_1 _paragraph_16k26_4 _paragraph_3ue4t_27 layout-component layout-normal layout-padded body-medium\">Thompson draftades som fyra 2023 av Rockets. Sedan dess har formkurvan pekat upp\u00e5t. <\/p>\n<p class=\"_textTheme_4io5p_1 _paragraph_16k26_4 _paragraph_3ue4t_27 layout-component layout-normal layout-padded body-medium\">Den unge talangen blir nu klubben trogen och har skrivit p\u00e5 ett fem\u00e5rsavtal v\u00e4rt tv\u00e5 miljarder kronor. <\/p>\n<p class=\"_textTheme_4io5p_1 _paragraph_16k26_4 _paragraph_3ue4t_27 layout-component layout-normal layout-padded body-medium\">Avtalet \u00e4r en f\u00f6rl\u00e4ngning av det rookie-avtal han tidigare satt p\u00e5. <\/p>\n<p> Kan f\u00e5 \u00e4nnu mer <\/p>\n<p class=\"_textTheme_4io5p_1 _paragraph_16k26_4 _paragraph_3ue4t_27 layout-component layout-normal layout-padded body-medium\">I avtalet finns \u00e4ven en s\u00e5 kallad trade kicker p\u00e5 10 procent som inneb\u00e4r att hans l\u00f6n h\u00f6js om han trejdas. <\/p>\n<p class=\"_textTheme_4io5p_1 _paragraph_16k26_4 _paragraph_3ue4t_27 layout-component layout-normal layout-padded body-medium\">Tidigare satt han p\u00e5 ett kontrakt \u00f6ver den kommande s\u00e4songen. Nu s\u00e4krar Rockets upp honom de kommande fem \u00e5ren d\u00e5 spelaren inte blir en free agent n\u00e4sta sommar. <\/p>\n<p class=\"_textTheme_4io5p_1 _paragraph_16k26_4 _paragraph_3ue4t_27 layout-component layout-normal layout-padded body-medium\">I laget finns redan stj\u00e4rnor som Kevin Durant och Alperen Sengun. <\/p>\n<p> En framtida stj\u00e4rna <\/p>\n<p class=\"_textTheme_4io5p_1 _paragraph_16k26_4 _paragraph_3ue4t_27 layout-component layout-normal layout-padded body-medium\">F\u00f6rra s\u00e4songen var Thompson den spelare i hela NBA som spelade flest minuter under grundserien. <\/p>\n<p class=\"_textTheme_4io5p_1 _paragraph_16k26_4 _paragraph_3ue4t_27 layout-component layout-normal layout-padded body-medium\">Han var en av endast nio spelare som snittade \u00f6ver 18 po\u00e4ng, sju returer och fem assist och den yngsta p\u00e5 listan. <\/p>\n<p class=\"_textTheme_4io5p_1 _paragraph_16k26_4 _paragraph_3ue4t_27 layout-component layout-normal layout-padded body-medium\">Han \u00e4r k\u00e4nd som en m\u00e5ngsidig spelare som kan spela p\u00e5 flera positioner. <\/p>\n<p class=\"_textTheme_4io5p_1 _paragraph_16k26_4 _paragraph_3ue4t_27 layout-component layout-normal layout-padded body-medium\">F\u00f6rra \u00e5ret kom Rockets femma i den v\u00e4stra konferensen men \u00e5kte sedan ut i f\u00f6rsta rundan mot Los Angeles Lakers. <\/p>\n<p class=\"_textTheme_4io5p_1 _paragraph_16k26_4 _paragraph_3ue4t_27 layout-component layout-normal layout-padded body-medium\">Den kommande NBA-s\u00e4songen drar i g\u00e5ng i mitten p\u00e5 oktober.  <\/p>\n<p class=\"color-accent label-medium _label_bv8db_22\">Fakta<\/p>\n<p>Dyraste avtalen i NBA<\/p>\n<p class=\"_textTheme_4io5p_1 _paragraph_16k26_4 _paragraph_3ue4t_27 _paragraph_bv8db_65 layout-component layout-normal layout-padded body-small\">Jayson Tatum (Boston Celtics) &#8211; 3 miljarder kronor \u00f6ver fem \u00e5r. <\/p>\n<p class=\"_textTheme_4io5p_1 _paragraph_16k26_4 _paragraph_3ue4t_27 _paragraph_bv8db_65 layout-component layout-normal layout-padded body-small\">Jaylen Brown (Philadelphia 76ers) &#8211; 2,7 miljarder kronor \u00f6ver fem \u00e5r. <\/p>\n<p class=\"_textTheme_4io5p_1 _paragraph_16k26_4 _paragraph_3ue4t_27 _paragraph_bv8db_65 layout-component layout-normal layout-padded body-small\">Nikola Joki\u0107 (Denver Nuggets) &#8211; 2,6 miljarder kronor \u00f6ver fem \u00e5r. <\/p>\n<p class=\"_textTheme_4io5p_1 _paragraph_16k26_4 _paragraph_3ue4t_27 _paragraph_bv8db_65 layout-component layout-normal layout-padded body-small\">Donovan Mitchell (Clevelans Cavaliers) &#8211; 2,6 miljarder kronor \u00f6ver fyra \u00e5r. <\/p>\n<p class=\"_textTheme_4io5p_1 _paragraph_16k26_4 _paragraph_3ue4t_27 _paragraph_bv8db_65 layout-component layout-normal layout-padded body-small\">Shai Gilgeous-Alexander (Oklahoma City Thunder) &#8211; 2,6 miljarder kronor \u00f6ver fyra \u00e5r. <\/p>\n<p class=\"_textTheme_4io5p_1 _paragraph_16k26_4 _paragraph_3ue4t_27 _paragraph_bv8db_65 layout-component layout-normal layout-padded body-small\">K\u00e4lla: <a href=\"https:\/\/www.spotrac.com\/nba\/contracts\" class=\"_link_16k26_32\" rel=\"nofollow noopener\" target=\"_blank\">Spotrac<\/a>. <\/p>\n<p>L\u00e4s mer            <script async src=\"\/\/www.instagram.com\/embed.js\"><\/script><\/p>\n","protected":false},"excerpt":{"rendered":"Foto: DAVID REGINEK \/ REUTERSVisa mer NBA-spelaren Amen Thompson, 23, f\u00f6rl\u00e4nger med Houston Rockets. Spelaren har skrivit p\u00e5&hellip;\n","protected":false},"author":2,"featured_media":364968,"comment_status":"","ping_status":"","sticky":false,"template":"","format":"standard","meta":{"footnotes":"","_share_on_mastodon":"0"},"categories":[68],"tags":[5806,34,111,110,31,33,32,30],"class_list":["post-364967","post","type-post","status-publish","format-standard","has-post-thumbnail","category-sport","tag-nba","tag-se","tag-sport","tag-sports","tag-svenska","tag-sverige","tag-sweden","tag-swedish"],"share_on_mastodon":{"url":"https:\/\/pubeurope.com\/@se\/117208198608135300","error":""},"_links":{"self":[{"href":"https:\/\/www.europesays.com\/se\/wp-json\/wp\/v2\/posts\/364967","targetHints":{"allow":["GET"]}}],"collection":[{"href":"https:\/\/www.europesays.com\/se\/wp-json\/wp\/v2\/posts"}],"about":[{"href":"https:\/\/www.europesays.com\/se\/wp-json\/wp\/v2\/types\/post"}],"author":[{"embeddable":true,"href":"https:\/\/www.europesays.com\/se\/wp-json\/wp\/v2\/users\/2"}],"replies":[{"embeddable":true,"href":"https:\/\/www.europesays.com\/se\/wp-json\/wp\/v2\/comments?post=364967"}],"version-history":[{"count":0,"href":"https:\/\/www.europesays.com\/se\/wp-json\/wp\/v2\/posts\/364967\/revisions"}],"wp:featuredmedia":[{"embeddable":true,"href":"https:\/\/www.europesays.com\/se\/wp-json\/wp\/v2\/media\/364968"}],"wp:attachment":[{"href":"https:\/\/www.europesays.com\/se\/wp-json\/wp\/v2\/media?parent=364967"}],"wp:term":[{"taxonomy":"category","embeddable":true,"href":"https:\/\/www.europesays.com\/se\/wp-json\/wp\/v2\/categories?post=364967"},{"taxonomy":"post_tag","embeddable":true,"href":"https:\/\/www.europesays.com\/se\/wp-json\/wp\/v2\/tags?post=364967"}],"curies":[{"name":"wp","href":"https:\/\/api.w.org\/{rel}","templated":true}]}}