{"id":364971,"date":"2026-09-03T17:06:17","date_gmt":"2026-09-03T17:06:17","guid":{"rendered":"https:\/\/www.europesays.com\/se\/364971\/"},"modified":"2026-09-03T17:06:17","modified_gmt":"2026-09-03T17:06:17","slug":"garmin-slapper-en-stor-uppdatering-till-sin-nya-barbara-enhet-med-over-ett-dussin-nya-funktioner-och-forbattringar","status":"publish","type":"post","link":"https:\/\/www.europesays.com\/se\/364971\/","title":{"rendered":"Garmin sl\u00e4pper en stor uppdatering till sin nya b\u00e4rbara enhet med \u00f6ver ett dussin nya funktioner och f\u00f6rb\u00e4ttringar"},"content":{"rendered":"<p class=\"bodytext\">Garmin \u00e4r tillbaka med en ny programuppdatering f\u00f6r sin f\u00f6rsta enhet under varum\u00e4rket CIRQA. CIRQA Smart Band, som lanserades <a href=\"https:\/\/www.notebookcheck.se\/Garmin-CIRQA-lanseras-med-10-dagars-batteritid-och-80-traeningspass-inget-abonnemang-kraevs.1348228.0.html\" target=\"_self\" rel=\"nofollow noopener\">i slutet av juli<\/a> <a href=\"https:\/\/www.amazon.com\/Garmin-CIRQATM-Smart-Subscription-Black\/dp\/B0H94C68DZ?tag=nbcnewsnet-20\" target=\"_blank\" rel=\"sponsored nofollow noopener\" class=\"\" data-htmlarea-external=\"1\" rtekeep=\"1\">(f\u00f6r n\u00e4rvarande 199 dollar p\u00e5 Amazon)<\/a>, har en batteritid p\u00e5 upp till 10 dagar och kr\u00e4ver inget abonnemang f\u00f6r att fungera, till skillnad fr\u00e5n Whoop 5.0. Om man ska d\u00f6ma av en <a href=\"https:\/\/www.notebookcheck.se\/Garmins-smarta-ring-CIRQA-finns-med-i-certifieringsdatabasen.1367073.0.html\" target=\"_self\" rel=\"nofollow noopener\">nyligen utf\u00e4rdad certifiering<\/a> kan Garmins Smart Band vara den f\u00f6rsta av flera lanseringar under varum\u00e4rket CIRQA.<\/p>\n<p class=\"bodytext\">F\u00f6rra m\u00e5naden <a href=\"https:\/\/www.notebookcheck.se\/Garmin-slaepper-den-foersta-uppdateringen-till-sin-nya-baerbara-enhet-med-flera-foerbaettringar-av-pulsmaetningen.1377657.0.html\" target=\"_self\" rel=\"nofollow noopener\">sl\u00e4ppte Garmin<\/a> sin f\u00f6rsta stabila uppdatering till CIRQA Smart Band. Programvaruversion 2.50 ersatte version 2.32 via tj\u00e4nsterna Garmin Connect Mobile (GCM) och Garmin Express och s\u00e4gs f\u00f6rb\u00e4ttra Smart Bands optiska pulsm\u00e4tare (OHR). Som vi n\u00e4mnde d\u00e5 l\u00e4mnade Garmin det \u00f6ppet f\u00f6r spekulationer vilka \u00e4ndringar som faktiskt hade gjorts.<\/p>\n<p class=\"bodytext\">Nu har f\u00f6retaget \u00f6verg\u00e5tt fr\u00e5n stabil utveckling till en st\u00f6rre ny programvaruuppdatering. Mer specifikt har f\u00f6retaget sl\u00e4ppt programvaruversion 3.20, \u00e5terigen via tj\u00e4nsterna GCM och Garmin Express. Vid tidpunkten f\u00f6r publiceringen borde den nya uppdateringen ha erbjudits till minst 20 % av alla CIRQA Smart Band-\u00e4gare. Om s\u00e5 inte har skett i ditt fall kan du beg\u00e4ra den nya uppdateringen manuellt via Garmin Express eller GCM.<\/p>\n","protected":false},"excerpt":{"rendered":"Garmin \u00e4r tillbaka med en ny programuppdatering f\u00f6r sin f\u00f6rsta enhet under varum\u00e4rket CIRQA. CIRQA Smart Band, som&hellip;\n","protected":false},"author":2,"featured_media":364972,"comment_status":"","ping_status":"","sticky":false,"template":"","format":"standard","meta":{"footnotes":"","_share_on_mastodon":"0"},"categories":[66],"tags":[7083,23626,41992,35844,7277,19023,41991,7084,7085,41993,41990,41988,41989,80,78,79,34,33256,31,33,32,30,81,84,83,82],"class_list":["post-364971","post","type-post","status-publish","format-standard","has-post-thumbnail","category-vetenskap-och-teknik","tag-barbar-dator","tag-barbar-enhet","tag-cirqa-smart-band","tag-fitnessklocka","tag-garmin","tag-garmin-cirqa","tag-garmin-cirqa-smart-band","tag-laptop","tag-notebook","tag-programvaruversion-2-50","tag-programvaruversion-3","tag-programvaruversion-3-20","tag-programvaruversion-3-xx","tag-science","tag-science-and-technology","tag-scienceandtechnology","tag-se","tag-smartband","tag-svenska","tag-sverige","tag-sweden","tag-swedish","tag-technology","tag-teknik","tag-vetenskap","tag-vetenskapteknik"],"share_on_mastodon":{"url":"https:\/\/pubeurope.com\/@se\/117208205536435257","error":""},"_links":{"self":[{"href":"https:\/\/www.europesays.com\/se\/wp-json\/wp\/v2\/posts\/364971","targetHints":{"allow":["GET"]}}],"collection":[{"href":"https:\/\/www.europesays.com\/se\/wp-json\/wp\/v2\/posts"}],"about":[{"href":"https:\/\/www.europesays.com\/se\/wp-json\/wp\/v2\/types\/post"}],"author":[{"embeddable":true,"href":"https:\/\/www.europesays.com\/se\/wp-json\/wp\/v2\/users\/2"}],"replies":[{"embeddable":true,"href":"https:\/\/www.europesays.com\/se\/wp-json\/wp\/v2\/comments?post=364971"}],"version-history":[{"count":0,"href":"https:\/\/www.europesays.com\/se\/wp-json\/wp\/v2\/posts\/364971\/revisions"}],"wp:featuredmedia":[{"embeddable":true,"href":"https:\/\/www.europesays.com\/se\/wp-json\/wp\/v2\/media\/364972"}],"wp:attachment":[{"href":"https:\/\/www.europesays.com\/se\/wp-json\/wp\/v2\/media?parent=364971"}],"wp:term":[{"taxonomy":"category","embeddable":true,"href":"https:\/\/www.europesays.com\/se\/wp-json\/wp\/v2\/categories?post=364971"},{"taxonomy":"post_tag","embeddable":true,"href":"https:\/\/www.europesays.com\/se\/wp-json\/wp\/v2\/tags?post=364971"}],"curies":[{"name":"wp","href":"https:\/\/api.w.org\/{rel}","templated":true}]}}