{"id":364985,"date":"2026-09-03T17:14:19","date_gmt":"2026-09-03T17:14:19","guid":{"rendered":"https:\/\/www.europesays.com\/se\/364985\/"},"modified":"2026-09-03T17:14:19","modified_gmt":"2026-09-03T17:14:19","slug":"sonys-kommande-prisvarda-horlurar-ryktas-lanseras-den-7-september","status":"publish","type":"post","link":"https:\/\/www.europesays.com\/se\/364985\/","title":{"rendered":"Sonys kommande prisv\u00e4rda h\u00f6rlurar ryktas lanseras den 7 september"},"content":{"rendered":"<p>\t\t<a href=\"https:\/\/www.notebookcheck.se\/fileadmin\/Notebooks\/News\/_nc5\/Group-43-1.jpg\" title=\"L\u00e4ckta bilder p\u00e5 Sony WH-CH530.\" data-caption=\"L\u00e4ckta bilder p\u00e5 Sony WH-CH530.\" rel=\"nofollow noopener\" target=\"_blank\"><img decoding=\"async\" src=\"https:\/\/www.europesays.com\/se\/wp-content\/uploads\/2026\/09\/csm_Group-43-1_1e2fd29169.jpg\" loading=\"lazy\" width=\"240\" height=\"195\" alt=\"L\u00e4ckta bilder p\u00e5 Sony WH-CH530.\"\/><\/p>\n<p>\u24d8 Roland Quandt <\/p>\n<p><\/a>L\u00e4ckta bilder p\u00e5 Sony WH-CH530.<\/p>\n<p>L\u00e4ckaren Roland Quandt s\u00e4ger att Sonys n\u00e4sta prisv\u00e4rda \u00f6ver\u00f6ronsh\u00f6rlurar, WH-CH730N och WH-CH530, kan b\u00f6rja s\u00e4ljas redan den 7 september till betydligt l\u00e4gre priser \u00e4n vad tidigare l\u00e4ckor antydde. Mellanklassmodellen WH-CH730N \u00e4r prissatt till cirka 70 euro, mindre \u00e4n h\u00e4lften av de 149 euro som f\u00f6reg\u00e5ngaren lanserades f\u00f6r 2023, samtidigt som den beh\u00e5ller ANC, Bluetooth, en 3,5 mm-uttag och USB-C.<\/p>\n<p class=\"bodytext\">L\u00e4ckaren Roland Quandt har <a href=\"https:\/\/bsky.app\/profile\/rquandt.bsky.social\/post\/3mukxrhgjhs2o\" data-htmlarea-external=\"1\" rtekeep=\"1\" rel=\"nofollow noopener\" target=\"_blank\">avsl\u00f6jat nya detaljer<\/a> om Sonys kommande prisv\u00e4rda tr\u00e5dl\u00f6sa h\u00f6rlurar i ett nyligen publicerat inl\u00e4gg p\u00e5 Bluesky. Enligt l\u00e4ckan f\u00f6rv\u00e4ntas de efterl\u00e4ngtade <a href=\"https:\/\/www.notebookcheck.se\/Sony-WH-CH730N-hoerlurar-laecker-ut-som-ett-billigare-alternativ-till-den-populaera-WH-1000XM6.1379986.0.html\" target=\"_self\" rel=\"nofollow noopener\">Sony WH-CH730N och instegsmodellen WH-CH530<\/a> bli tillg\u00e4ngliga redan den 7 september, vilket medf\u00f6r betydande prisjusteringar i f\u00f6retagets prisv\u00e4rda ljudsortiment.&#13;<\/p>\n<p class=\"bodytext\">Mellanklassmodellen Sony WH-CH730N kommer att eftertr\u00e4da WH-CH720N, som ursprungligen lanserades i b\u00f6rjan av 2023 f\u00f6r 149 euro <a href=\"https:\/\/www.amazon.com\/gp\/product\/B0BS1QCFHX?tag=nbcnewsnet-20\" target=\"_blank\" rel=\"sponsored nofollow noopener\" data-htmlarea-external=\"1\" rtekeep=\"1\">(f\u00f6r n\u00e4rvarande 97 dollar p\u00e5 Amazon)<\/a>. \u00d6verraskande nog tyder den nya l\u00e4ckan p\u00e5 att Sony satsar aggressivt p\u00e5 budgetmarknaden med ett rekommenderat pris p\u00e5 endast 70 euro f\u00f6r den nya modellen. H\u00f6rlurarna kommer att beh\u00e5lla aktiv brusreducering (ANC) och viktiga anslutningsfunktioner, inklusive Bluetooth, ett 3,5 mm ljuduttag f\u00f6r tr\u00e5dbunden lyssning och en USB Type-C-laddningsport.<\/p>\n<p>\tL\u00e4ckta bilder p\u00e5 Sony WH-CH730N.<\/p>\n<p class=\"bodytext\">Det nya headsetet kommer att v\u00e4ga 220 gram, en \u00f6kning med 14,58 procent j\u00e4mf\u00f6rt med f\u00f6reg\u00e5ngarens 192 gram. Quandt noterar att WH-CH730N troligen kommer att lanseras i fyra f\u00e4rgvarianter: svart, rosa, bl\u00e5tt och sandf\u00e4rgat, \u00e4ven om de officiella marknadsf\u00f6ringsnamnen kan variera.&#13;<\/p>\n<p class=\"bodytext\"><a href=\"https:\/\/www.notebookcheck.se\/Sony-ULT-Tower-Max-rymmer-2-150-watt-ljud-i-en-1-meter-hoeg-hoegtalare.1385585.0.html\" target=\"_self\" class=\"internal-link\" rel=\"nofollow noopener\">Sony<\/a> f\u00f6rbereder sig ocks\u00e5 f\u00f6r att uppdatera sitt ultra-budget-segment med WH-CH530. Denna instegsmodell, som f\u00f6rv\u00e4ntas kosta endast 35 euro, avst\u00e5r fr\u00e5n premiumfunktioner som aktiv brusreducering (ANC) f\u00f6r att h\u00e5lla kostnaderna p\u00e5 ett absolut minimum. L\u00e4ckan tyder p\u00e5 en bredare och mer livfull f\u00e4rgpalett f\u00f6r detta headset, med fem f\u00f6rv\u00e4ntade f\u00e4rger: svart, bl\u00e5tt, mintgr\u00f6nt, rosa och vitt.&#13;<\/p>\n<p class=\"bodytext\">Dessa detaljer uppdaterar tidigare myndighetsans\u00f6kningar och <a href=\"https:\/\/www.notebookcheck.se\/Laecka-Sonys-prisvaerda-Bluetooth-hoerlurar-av-naesta-generation-lanseras-snart-i-maanga-faerger.1354334.0.html\" target=\"_self\" class=\"internal-link\" rel=\"nofollow noopener\">tidigare l\u00e4ckor<\/a>, som inledningsvis pekade mot en lansering i mitten av oktober i h\u00f6gre prisklasser. Om Quandts tidsplan st\u00e4mmer beh\u00f6ver konsumenter som letar efter prisv\u00e4rda, p\u00e5litliga tr\u00e5dl\u00f6sa h\u00f6rlurar inte v\u00e4nta mycket l\u00e4ngre.<\/p>\n<p>\t<a href=\"\"><img decoding=\"async\" src=\"https:\/\/www.europesays.com\/se\/wp-content\/uploads\/2026\/09\/1788455658_768_csm_Antony_Muchiri_profile_picture_March_2025_af38cad086.jpg\" loading=\"lazy\" width=\"120\" height=\"120\" alt=\"Antony Muchiri\"\/><\/a><a href=\"\"><img decoding=\"async\" src=\"https:\/\/www.europesays.com\/se\/wp-content\/uploads\/2026\/09\/1788455659_262_csm_ninh_duy_ee54bf9777.jpg\" loading=\"lazy\" width=\"120\" height=\"120\" alt=\"DeepL \/ Ninh Duy\"\/><\/a>Translator: <a href=\"\" class=\"j_name\">Ninh Ngoc Duy<\/a> &#8211; Translation Sections Manager  &#8211; 838745 articles published on Notebookcheck since 2008<\/p>\n","protected":false},"excerpt":{"rendered":"\u24d8 Roland Quandt L\u00e4ckta bilder p\u00e5 Sony WH-CH530. L\u00e4ckaren Roland Quandt s\u00e4ger att Sonys n\u00e4sta prisv\u00e4rda \u00f6ver\u00f6ronsh\u00f6rlurar, WH-CH730N&hellip;\n","protected":false},"author":2,"featured_media":364986,"comment_status":"","ping_status":"","sticky":false,"template":"","format":"standard","meta":{"footnotes":"","_share_on_mastodon":"0"},"categories":[66],"tags":[7083,42000,41999,41998,41995,7084,7085,41996,41994,42001,80,78,79,34,42002,32988,32987,41997,31,33,32,30,81,84,83,82],"class_list":["post-364985","post","type-post","status-publish","format-standard","has-post-thumbnail","category-vetenskap-och-teknik","tag-barbar-dator","tag-basta-prisvarda-horlurar-med-brusreducering","tag-billiga-anc-horlurar","tag-efterfoljaren-till-sony-wh-ch720n","tag-lanseringsdatum-for-wh-ch730n","tag-laptop","tag-notebook","tag-pris-pa-wh-ch530","tag-pris-pa-wh-ch730n","tag-roland-quandts-lacka","tag-science","tag-science-and-technology","tag-scienceandtechnology","tag-se","tag-sony-ifa-2026","tag-sony-wh-ch530","tag-sony-wh-ch730n","tag-sonys-prisvarda-horlurar-2026","tag-svenska","tag-sverige","tag-sweden","tag-swedish","tag-technology","tag-teknik","tag-vetenskap","tag-vetenskapteknik"],"share_on_mastodon":{"url":"https:\/\/pubeurope.com\/@se\/117208237277330300","error":""},"_links":{"self":[{"href":"https:\/\/www.europesays.com\/se\/wp-json\/wp\/v2\/posts\/364985","targetHints":{"allow":["GET"]}}],"collection":[{"href":"https:\/\/www.europesays.com\/se\/wp-json\/wp\/v2\/posts"}],"about":[{"href":"https:\/\/www.europesays.com\/se\/wp-json\/wp\/v2\/types\/post"}],"author":[{"embeddable":true,"href":"https:\/\/www.europesays.com\/se\/wp-json\/wp\/v2\/users\/2"}],"replies":[{"embeddable":true,"href":"https:\/\/www.europesays.com\/se\/wp-json\/wp\/v2\/comments?post=364985"}],"version-history":[{"count":0,"href":"https:\/\/www.europesays.com\/se\/wp-json\/wp\/v2\/posts\/364985\/revisions"}],"wp:featuredmedia":[{"embeddable":true,"href":"https:\/\/www.europesays.com\/se\/wp-json\/wp\/v2\/media\/364986"}],"wp:attachment":[{"href":"https:\/\/www.europesays.com\/se\/wp-json\/wp\/v2\/media?parent=364985"}],"wp:term":[{"taxonomy":"category","embeddable":true,"href":"https:\/\/www.europesays.com\/se\/wp-json\/wp\/v2\/categories?post=364985"},{"taxonomy":"post_tag","embeddable":true,"href":"https:\/\/www.europesays.com\/se\/wp-json\/wp\/v2\/tags?post=364985"}],"curies":[{"name":"wp","href":"https:\/\/api.w.org\/{rel}","templated":true}]}}