{"id":365069,"date":"2026-09-03T18:08:03","date_gmt":"2026-09-03T18:08:03","guid":{"rendered":"https:\/\/www.europesays.com\/se\/365069\/"},"modified":"2026-09-03T18:08:03","modified_gmt":"2026-09-03T18:08:03","slug":"analys-cia-chefens-hemliga-resa-ska-nog-tas-pa-allvar","status":"publish","type":"post","link":"https:\/\/www.europesays.com\/se\/365069\/","title":{"rendered":"Analys: CIA-chefens hemliga resa \u201dska nog tas p\u00e5 allvar\u201d"},"content":{"rendered":"<p>Av Jesper Karlsson<br \/>Publicerad: 28 aug.<\/p>\n<p>Oron v\u00e4xer f\u00f6r att ett pressat Ryssland ska trappa upp konflikten med v\u00e4st. CIA-chefen John Ratcliffe ska under sin hemliga Rysslandsresa ha varnat Moskva f\u00f6r angrepp mot Natol\u00e4nder, s\u00e4rskilt i Baltikum.<\/p>\n<p>\u201dDet har g\u00e5tt n\u00e4stan fem \u00e5r sedan hans f\u00f6retr\u00e4dare William Burns gjorde en liknande resa. \u00c4ven d\u00e5 var l\u00e4get sp\u00e4nt n\u00e4r Ryssland planerade invasionen av Ukraina. S\u00e5 det h\u00e4r ska man nog ta p\u00e5 allvar\u201d, skriver BBC:s Frank Gardner.<\/p>\n<p>\u00c4ven CNN:s Stephen Collinson tar fasta p\u00e5 det pressade l\u00e4get och pekar p\u00e5 ett strategiskt dilemma f\u00f6r b\u00e5de Vladimir Putin och Donald Trump. B\u00e5da har fastnat i krig som de har sv\u00e5rt att vinna eller avsluta utan att tappa ansiktet, skriver han i en analys.<\/p>\n<p>\u201dIrankriget \u00e4r kanske inte lika avg\u00f6rande f\u00f6r Trumps politiska och personliga framtid som Ukrainakriget \u00e4r f\u00f6r Putins. Men precis som sin v\u00e4n i Kreml har han m\u00e5lat in sig i ett h\u00f6rn.\u201d<\/p>\n<p>Omni \u00e4r politiskt obundna och oberoende. Vi str\u00e4var efter att ge fler perspektiv p\u00e5 nyheterna. Har du fr\u00e5gor eller synpunkter kring v\u00e5r rapportering? <a href=\"https:\/\/omni.se\/analyser-cia-resan-blottar-oro-for-rysk-upptrappning\/a\/mailto:redaktion@omni.se\" class=\"ArticleActions-module-scss-module__w9u9BG__contactLink\" rel=\"nofollow noopener\" target=\"_blank\">Kontakta redaktionen<\/a><\/p>\n","protected":false},"excerpt":{"rendered":"Av Jesper KarlssonPublicerad: 28 aug. Oron v\u00e4xer f\u00f6r att ett pressat Ryssland ska trappa upp konflikten med v\u00e4st.&hellip;\n","protected":false},"author":2,"featured_media":365070,"comment_status":"","ping_status":"","sticky":false,"template":"","format":"standard","meta":{"footnotes":"","_share_on_mastodon":"0"},"categories":[14],"tags":[387,1047,22,23,11302,385,267,26,27,17,21,24,25,28,29,999,15,16,18,269,264,34,31,33,32,30,19,20,263,51,261,42003,52,53,54],"class_list":["post-365069","post","type-post","status-publish","format-standard","has-post-thumbnail","category-varlden","tag-amerikansk-politik","tag-analys","tag-breaking-news","tag-breakingnews","tag-cia","tag-donald-trump","tag-europa","tag-featured-news","tag-featurednews","tag-headlines","tag-huvudnyheter","tag-latest-news","tag-latestnews","tag-main-news","tag-mainnews","tag-nato","tag-news","tag-nyheter","tag-rubriker","tag-ryska-invasionen","tag-ryssland","tag-se","tag-svenska","tag-sverige","tag-sweden","tag-swedish","tag-top-stories","tag-topstories","tag-ukraina","tag-varlden","tag-vladimir-putin","tag-william-burns","tag-world","tag-world-news","tag-worldnews"],"share_on_mastodon":{"url":"https:\/\/pubeurope.com\/@se\/117208449453648905","error":""},"_links":{"self":[{"href":"https:\/\/www.europesays.com\/se\/wp-json\/wp\/v2\/posts\/365069","targetHints":{"allow":["GET"]}}],"collection":[{"href":"https:\/\/www.europesays.com\/se\/wp-json\/wp\/v2\/posts"}],"about":[{"href":"https:\/\/www.europesays.com\/se\/wp-json\/wp\/v2\/types\/post"}],"author":[{"embeddable":true,"href":"https:\/\/www.europesays.com\/se\/wp-json\/wp\/v2\/users\/2"}],"replies":[{"embeddable":true,"href":"https:\/\/www.europesays.com\/se\/wp-json\/wp\/v2\/comments?post=365069"}],"version-history":[{"count":0,"href":"https:\/\/www.europesays.com\/se\/wp-json\/wp\/v2\/posts\/365069\/revisions"}],"wp:featuredmedia":[{"embeddable":true,"href":"https:\/\/www.europesays.com\/se\/wp-json\/wp\/v2\/media\/365070"}],"wp:attachment":[{"href":"https:\/\/www.europesays.com\/se\/wp-json\/wp\/v2\/media?parent=365069"}],"wp:term":[{"taxonomy":"category","embeddable":true,"href":"https:\/\/www.europesays.com\/se\/wp-json\/wp\/v2\/categories?post=365069"},{"taxonomy":"post_tag","embeddable":true,"href":"https:\/\/www.europesays.com\/se\/wp-json\/wp\/v2\/tags?post=365069"}],"curies":[{"name":"wp","href":"https:\/\/api.w.org\/{rel}","templated":true}]}}