{"id":36515,"date":"2025-09-22T08:51:11","date_gmt":"2025-09-22T08:51:11","guid":{"rendered":"https:\/\/www.europesays.com\/se\/36515\/"},"modified":"2025-09-22T08:51:11","modified_gmt":"2025-09-22T08:51:11","slug":"norges-fiasko-blir-helt-utan-medaljer-i-vm-friidrott","status":"publish","type":"post","link":"https:\/\/www.europesays.com\/se\/36515\/","title":{"rendered":"Norges fiasko \u2013 blir helt utan medaljer i VM | Friidrott"},"content":{"rendered":"<p>Kjempetrist, Norge.\u00a0<\/p>\n<p>F\u00f6r f\u00f6rsta g\u00e5ngen p\u00e5 tio \u00e5r missar ni medalj i friidrotts-VM. \u00a0<\/p>\n<p><img loading=\"lazy\"   alt=\"\"\/><\/p>\n<p>Sander Aae Skotheim.<\/p>\n<p>Foto: JOEL MARKLUND \/ BILDBYR\u00c5N<\/p>\n<p>\u00d6ppna bild i helsk\u00e4rm<img loading=\"lazy\"   alt=\"\"\/><\/p>\n<p>Jakob Ingebrigtsen.<\/p>\n<p>Foto: JOEL MARKLUND \/ BILDBYR\u00c5N<\/p>\n<p>\u00d6ppna bild i helsk\u00e4rm<img loading=\"lazy\"   alt=\"\"\/><\/p>\n<p>Karsten Warholm.<\/p>\n<p>Foto: VEGARD GR\u00d8TT \/ BILDBYR\u00c5N<\/p>\n<p>\u00d6ppna bild i helsk\u00e4rm<\/p>\n<p>Inf\u00f6r s\u00e4songen hade Norge fyra starka guldhopp i Tokyo. Alla har misslyckats med att ta medalj.<\/p>\n<p>\u2713 Karsten Warholm skadade sig under finalen p\u00e5 400 meter h\u00e4ck och slutade femma.<\/p>\n<p>\u2713 Jakob Ingebrigtsen har st\u00f6rts av skada hela utes\u00e4songen och slogs ut i f\u00f6rs\u00f6ken p\u00e5 1500 meter. I s\u00f6ndagens final p\u00e5 5000 meter slutade han tia.<\/p>\n<p>\u2713 Markus Rooth, olympisk m\u00e4stare i tiokamp, skadade sig p\u00e5 sista tr\u00e4ningen innan VM och missade m\u00e4sterskapet.<\/p>\n<p>\u2713 Sander Aae Skotheim fajtades om guldet i tiokampen inf\u00f6r den avslutande dagen men diskades i 110 meter h\u00e4ck.<\/p>\n<p>\u2013 Vi har haft mycket stolpe ut i detta m\u00e4sterskap. Alla v\u00e5ra medaljhopp har antingen varit skadade eller blivit skadade, s\u00e4ger sportchefen Erlend Slokvik <a href=\"https:\/\/www.vg.no\/sport\/i\/algWO4\/friidretts-vm-2025-norge-uten-medalje\" rel=\"nofollow noopener\" target=\"_blank\">till VG.\u00a0<\/a><\/p>\n<p>Sverige fortfarande b\u00e4st: \u201dJag \u00e4r supern\u00f6jd\u201d<\/p>\n<p>Det \u00e4r f\u00f6rsta g\u00e5ngen p\u00e5 tio \u00e5r som Norge l\u00e4mnar ett utomhus-VM utan medalj. Efter missen i Peking 2015 har man dessutom tagit minst ett guld i fyra raka v\u00e4rldsm\u00e4sterskap.<\/p>\n<p>\u2013 Vi tar det v\u00e4ldigt tungt som ett lag, s\u00e4ger Jakob Ingebrigtsen i SVT.<\/p>\n<p>B\u00e4ttre har det g\u00e5tt f\u00f6r Sverige som hittills ett guld genom Armand Duplantis och ett brons genom Andreas Almgren. Precis som Norge blev svenskarna senast utan medalj i Peking 2015.<\/p>\n<p>\u2013 Jag \u00e4r supern\u00f6jd. Givetvis \u00e4r det medaljerna som hyllas mest men vi ser ocks\u00e5 en bredd d\u00e4r en del som tidigare varit precis varit utanf\u00f6r final nu tagit flera steg. Det betyder j\u00e4ttemycket, s\u00e4ger Sveriges f\u00f6rbundskapten Kajsa Bergqvist.<\/p>\n<p>D\u00e4rmed beh\u00e5ller Sverige sin plats f\u00f6re Norge i den historiska medaljligan. Inf\u00f6r v\u00e4rldsm\u00e4sterskapet i hade man lika m\u00e5nga guld och silver men tre fler brons. Nu har allts\u00e5 avst\u00e5ndet ut\u00f6kats.\u00a0<\/p>\n","protected":false},"excerpt":{"rendered":"Kjempetrist, Norge.\u00a0 F\u00f6r f\u00f6rsta g\u00e5ngen p\u00e5 tio \u00e5r missar ni medalj i friidrotts-VM. \u00a0 Sander Aae Skotheim. Foto:&hellip;\n","protected":false},"author":2,"featured_media":36516,"comment_status":"","ping_status":"","sticky":false,"template":"","format":"standard","meta":{"footnotes":""},"categories":[68],"tags":[3229,2014,34,811,111,110,31,33,32,30],"class_list":{"0":"post-36515","1":"post","2":"type-post","3":"status-publish","4":"format-standard","5":"has-post-thumbnail","7":"category-sport","8":"tag-newsstory-friidrotts-vm-2025","9":"tag-organization-friidrotts-vm","10":"tag-se","11":"tag-sections-friidrott","12":"tag-sport","13":"tag-sports","14":"tag-svenska","15":"tag-sverige","16":"tag-sweden","17":"tag-swedish"},"share_on_mastodon":{"url":"","error":""},"_links":{"self":[{"href":"https:\/\/www.europesays.com\/se\/wp-json\/wp\/v2\/posts\/36515","targetHints":{"allow":["GET"]}}],"collection":[{"href":"https:\/\/www.europesays.com\/se\/wp-json\/wp\/v2\/posts"}],"about":[{"href":"https:\/\/www.europesays.com\/se\/wp-json\/wp\/v2\/types\/post"}],"author":[{"embeddable":true,"href":"https:\/\/www.europesays.com\/se\/wp-json\/wp\/v2\/users\/2"}],"replies":[{"embeddable":true,"href":"https:\/\/www.europesays.com\/se\/wp-json\/wp\/v2\/comments?post=36515"}],"version-history":[{"count":0,"href":"https:\/\/www.europesays.com\/se\/wp-json\/wp\/v2\/posts\/36515\/revisions"}],"wp:featuredmedia":[{"embeddable":true,"href":"https:\/\/www.europesays.com\/se\/wp-json\/wp\/v2\/media\/36516"}],"wp:attachment":[{"href":"https:\/\/www.europesays.com\/se\/wp-json\/wp\/v2\/media?parent=36515"}],"wp:term":[{"taxonomy":"category","embeddable":true,"href":"https:\/\/www.europesays.com\/se\/wp-json\/wp\/v2\/categories?post=36515"},{"taxonomy":"post_tag","embeddable":true,"href":"https:\/\/www.europesays.com\/se\/wp-json\/wp\/v2\/tags?post=36515"}],"curies":[{"name":"wp","href":"https:\/\/api.w.org\/{rel}","templated":true}]}}