{"id":365159,"date":"2026-09-03T19:09:12","date_gmt":"2026-09-03T19:09:12","guid":{"rendered":"https:\/\/www.europesays.com\/se\/365159\/"},"modified":"2026-09-03T19:09:12","modified_gmt":"2026-09-03T19:09:12","slug":"analysen-efter-mjallby-djurgarden-forbannelsen-ar-over-allsvenskan","status":"publish","type":"post","link":"https:\/\/www.europesays.com\/se\/365159\/","title":{"rendered":"Analysen efter Mj\u00e4llby\u2013Djurg\u00e5rden: \u201dF\u00f6rbannelsen \u00e4r \u00f6ver\u201d | Allsvenskan"},"content":{"rendered":"<p>Publicerad 3 sep 2026 kl 20.54<\/p>\n<p>PremiumDjurg\u00e5rden har tagit sex po\u00e4ng mot Mj\u00e4llby p\u00e5 en vecka.<\/p>\n<p>H\u00e4r kommer analysen efter den bl\u00e5randiga segern p\u00e5 Strandvallen.<\/p>\n<p>\u2713 Returm\u00f6tet \u2013 utan Stroud<\/p>\n<p>\u2713 F\u00f6rbannelsen som f\u00f6rsvann: \u201dUrstarkt\u201d<\/p>\n<p>\u2713 Djurg\u00e5rden med i SM-guldjakten (?)<\/p>\n<p>\u2713 Det m\u00e5ste Mj\u00e4llby inse: \u201dL\u00e4get \u00e4r akut\u201d<\/p>\n<p><img   alt=\"\"\/><\/p>\n<p>Piotr Johanssons m\u00e5lvr\u00e5lar.<\/p>\n<p>Foto: CHRISTOFFER BORG MATTISSON \/ BILDBYR\u00c5N<\/p>\n<p>\u00d6ppna bild i helsk\u00e4rm<\/p>\n","protected":false},"excerpt":{"rendered":"Publicerad 3 sep 2026 kl 20.54 PremiumDjurg\u00e5rden har tagit sex po\u00e4ng mot Mj\u00e4llby p\u00e5 en vecka. H\u00e4r kommer&hellip;\n","protected":false},"author":2,"featured_media":365160,"comment_status":"","ping_status":"","sticky":false,"template":"","format":"standard","meta":{"footnotes":"","_share_on_mastodon":"0"},"categories":[68],"tags":[159,30714,138,469,103,34,111,110,31,33,32,30],"class_list":["post-365159","post","type-post","status-publish","format-standard","has-post-thumbnail","category-sport","tag-allsvenskan","tag-djurgarden-fotboll","tag-fotboll","tag-mjallby-aif","tag-premium","tag-se","tag-sport","tag-sports","tag-svenska","tag-sverige","tag-sweden","tag-swedish"],"share_on_mastodon":{"url":"https:\/\/pubeurope.com\/@se\/117208689073523593","error":""},"_links":{"self":[{"href":"https:\/\/www.europesays.com\/se\/wp-json\/wp\/v2\/posts\/365159","targetHints":{"allow":["GET"]}}],"collection":[{"href":"https:\/\/www.europesays.com\/se\/wp-json\/wp\/v2\/posts"}],"about":[{"href":"https:\/\/www.europesays.com\/se\/wp-json\/wp\/v2\/types\/post"}],"author":[{"embeddable":true,"href":"https:\/\/www.europesays.com\/se\/wp-json\/wp\/v2\/users\/2"}],"replies":[{"embeddable":true,"href":"https:\/\/www.europesays.com\/se\/wp-json\/wp\/v2\/comments?post=365159"}],"version-history":[{"count":0,"href":"https:\/\/www.europesays.com\/se\/wp-json\/wp\/v2\/posts\/365159\/revisions"}],"wp:featuredmedia":[{"embeddable":true,"href":"https:\/\/www.europesays.com\/se\/wp-json\/wp\/v2\/media\/365160"}],"wp:attachment":[{"href":"https:\/\/www.europesays.com\/se\/wp-json\/wp\/v2\/media?parent=365159"}],"wp:term":[{"taxonomy":"category","embeddable":true,"href":"https:\/\/www.europesays.com\/se\/wp-json\/wp\/v2\/categories?post=365159"},{"taxonomy":"post_tag","embeddable":true,"href":"https:\/\/www.europesays.com\/se\/wp-json\/wp\/v2\/tags?post=365159"}],"curies":[{"name":"wp","href":"https:\/\/api.w.org\/{rel}","templated":true}]}}