{"id":365231,"date":"2026-09-03T19:59:35","date_gmt":"2026-09-03T19:59:35","guid":{"rendered":"https:\/\/www.europesays.com\/se\/365231\/"},"modified":"2026-09-03T19:59:35","modified_gmt":"2026-09-03T19:59:35","slug":"jonas-gummesson-en-ovillig-koalition-av-villiga","status":"publish","type":"post","link":"https:\/\/www.europesays.com\/se\/365231\/","title":{"rendered":"Jonas Gummesson: En ovillig koalition av villiga"},"content":{"rendered":"<p class=\"has-drop-cap wp-block-paragraph\">Koalitionen av villiga\u00a0(Coalation of the Willing) fungerar ungef\u00e4r som en paraplyorganisation f\u00f6r milit\u00e4rt st\u00f6d till Ukraina. Gruppen bildades i mars 2025 och har 35 medlemsl\u00e4nder, mestadels fr\u00e5n EU och Nato inklusive Sverige, under ledning av Storbritannien och Frankrike. Hittills har koalitionen haft 16 m\u00f6ten, statsminister Ulf Kristersson har deltagit vid flera tillf\u00e4llen.\u00a0<\/p>\n<p class=\"wp-block-paragraph\">Det senaste var ett videosamtal i anslutning till Ukrainas 35:e sj\u00e4lvst\u00e4ndighetsdag i slutet av augusti. I ett uttalande f\u00f6rd\u00f6mdes Rysslands \u201dsystematiska och eskalerande attacker mot ukrainska st\u00e4der, kritisk infrastruktur och civila\u201d. \u00a0<\/p>\n<p class=\"wp-block-paragraph\">Den villiga koalitionen betonade ocks\u00e5 sin egen \u201dbeslutsamhet att \u00f6ka det milit\u00e4ra st\u00f6det till Ukraina och st\u00e4rka luftf\u00f6rsvaret\u201d. Sedan dess har Ukraina lagt en ny helvetesvecka bakom sig. S\u00e4rskilt utsatt \u00e4r i vanlig ordning civilbefolkningen. <\/p>\n<p class=\"wp-block-paragraph\">Antalet civila offer forts\u00e4tter att \u00f6ka m\u00e5nad f\u00f6r m\u00e5nad och \u00e5r efter \u00e5r under ett skoningsl\u00f6st anfallskrig som aldrig tar slut. F\u00f6rsta halv\u00e5ret 2026 blev det v\u00e4rsta efter den ryska invasionen 2022. <a href=\"https:\/\/ukraine.ohchr.org\/en\/UN-human-rights-monitors-report-the-highest-monthly-number-of-civilian-deaths-and-injuries-in-Ukraine-since-March-2022\" rel=\"nofollow noopener\" target=\"_blank\">Statistiken<\/a> fr\u00e5n FN:s kommission f\u00f6r m\u00e4nskliga r\u00e4ttigheter i Ukraina \u00e4r brutal. Alla kurvor pekar \u00e5t fel h\u00e5ll. <\/p>\n<p class=\"wp-block-paragraph\">I juli i \u00e5r d\u00f6dades (437) och skadades (2\u00a0610) sammanlagt fler civila \u00e4n under n\u00e5gon tidigare m\u00e5nad sedan krigsutbrottet. J\u00e4mf\u00f6rt med juni var den en uppg\u00e5ng med 30 procent. I f\u00f6rh\u00e5llande till juli 2025 \u00f6kade antalet offer med 70 procent. Siffrorna \u00e4r snarast i underkant. Det tar tid att hitta och identifiera d\u00f6da i rasmassorna. <\/p>\n<p class=\"wp-block-paragraph\">Vladimir Putin visar inga tecken p\u00e5 att sl\u00e5 av p\u00e5 takten. Tv\u00e4rtom. Parallellt uts\u00e4tts Europa f\u00f6r en kanonad av p\u00e5verkans- och hybridoperationer, senast med skarpladdade dr\u00f6nare mot\u00a0flygplatsen i tyska Leipzig (4\/8). CIA-chefen John Ratcliffes Moskvaresa ett par veckor senare (25\/8) ska ses i det perspektivet. Uppdraget var att varna Moskva f\u00f6r\u00a0provokationer mot Nato. En vecka senare (1\/9) offentliggjordes anklagelserna mot Kreml, med uppjagade reaktioner v\u00e4rlden \u00f6ver, \u00e4ven i Sverige. Putin f\u00f6rnekade per omg\u00e5ende. <\/p>\n<p class=\"wp-block-paragraph\">F\u00f6r Ukrainas del l\u00f6ser den h\u00e4r typen av sk\u00e4rmytslingar ingenting. Landet \u00e4r i desperat behov av mer pengar f\u00f6r att finansiera statsapparaten och av mer vapen, s\u00e4rskilt amerikanska Patriotrobotar, f\u00f6r att f\u00f6rsvara sig mot det ryska missilregnet. Problemet \u00e4r ett leveranserna uteblir. Det som efterfr\u00e5gas mest av allt m\u00f6ts av bortv\u00e4nda blickar.\u00a0<\/p>\n<p class=\"wp-block-paragraph\">USA har skjutit bort delar av sina lager i kriget mot Iran. Europeiska l\u00e4nder prioriterar sin egen s\u00e4kerhet och vakar som h\u00f6kar \u00f6ver sina egna begr\u00e4nsade Patriotlager.\u00a0<\/p>\n<p class=\"wp-block-paragraph\">Det g\u00e4ller \u00e4ven Sverige. \u201dDet \u00e4r inte aktuellt nu med tanke p\u00e5 att v\u00e5rt eget Patriotsystem \u00e4r under uppbyggnad\u201d, meddelade f\u00f6rsvarsminister P\u00e5l Jonson i b\u00f6rjan av augusti. I st\u00e4llet h\u00e4nvisade han till att \u201den l\u00e5ng rad andra l\u00e4nder b\u00e5de i Asien och Mellan\u00f6stern\u201d ocks\u00e5 har Patriot, som man skulle kunna donera till Ukraina. <\/p>\n<p class=\"wp-block-paragraph\">Europas EU- och Natol\u00e4nder kunde ha lagt stora Patriotbest\u00e4llningar p\u00e5 amerikanska tillverkare \u00e5ratal tillbaka i tiden.\u00a0S\u00e5 l\u00e5ngt str\u00e4ckte sig inte handlingskraften. Att t\u00e4nka l\u00e4ngre \u00e4n n\u00e4san r\u00e4cker visade sig vara \u00f6verm\u00e4ktigt. Priset \u00e4r en st\u00e4ndigt stegrad spiral av d\u00f6da och leml\u00e4stade i Ukraina. N\u00e5gon fred eller ens nedtrappning av striderna \u00e4r inte inom synh\u00e5ll. De politiska initiativen har ebbat ut p\u00e5 b\u00e5da sidor av Atlanten. <\/p>\n<p class=\"wp-block-paragraph\">Tjugo m\u00e5nader in p\u00e5 den andra Trumpadministrationens tid i Vita huset har amerikanska f\u00f6retr\u00e4dare tr\u00e4ffat ryska representanter vid ett trettiotal tillf\u00e4llen i olika sammanhang p\u00e5 olika niv\u00e5er, inklusive ett toppm\u00f6te mellan Trump och Putin. Inget har gett n\u00e5gra best\u00e5ende resultat. Europa har inga egna kontakter med ryssarna. <\/p>\n<p class=\"wp-block-paragraph\">Under tiden har det milit\u00e4ra st\u00f6det till Ukraina\u00a0<a href=\"https:\/\/www.kielinstitut.de\/publications\/news\/ukraine-support-tracker-europe-leads-on-aid-us-weapons-remain-key\/\" rel=\"nofollow noopener\" target=\"_blank\">avtagit<\/a> de tv\u00e5 senaste \u00e5ren efter toppnoteringen 2023. N\u00e4r Ryssland skruvar upp v\u00e5ldsniv\u00e5n sackar USA och Europa efter.\u00a0<\/p>\n<p class=\"wp-block-paragraph\">Utf\u00e4stelsen fr\u00e5n koalitionen av villiga att f\u00f6rst\u00e4rka det ukrainska luftf\u00f6rsvaret har inte realiserats. S\u00e5 l\u00e4ngde det l\u00f6ftet inte oms\u00e4tts i \u00f6kade leveranser av Patriotrobotar framst\u00e5r organisationen som en ovillig koalition av villiga. Priset f\u00e5r Ukraina betala. <\/p>\n","protected":false},"excerpt":{"rendered":"Koalitionen av villiga\u00a0(Coalation of the Willing) fungerar ungef\u00e4r som en paraplyorganisation f\u00f6r milit\u00e4rt st\u00f6d till Ukraina. Gruppen bildades&hellip;\n","protected":false},"author":2,"featured_media":365232,"comment_status":"","ping_status":"","sticky":false,"template":"","format":"standard","meta":{"footnotes":"","_share_on_mastodon":"0"},"categories":[14],"tags":[22,23,11302,73,26,27,2150,17,21,40844,24,25,35037,28,29,3468,999,15,16,3924,42012,18,264,34,31,33,32,30,19,20,263,74,51,261,52,53,54],"class_list":["post-365231","post","type-post","status-publish","format-standard","has-post-thumbnail","category-varlden","tag-breaking-news","tag-breakingnews","tag-cia","tag-eu","tag-featured-news","tag-featurednews","tag-fn","tag-headlines","tag-huvudnyheter","tag-john-ratcliffe","tag-latest-news","tag-latestnews","tag-leipzig","tag-main-news","tag-mainnews","tag-moskva","tag-nato","tag-news","tag-nyheter","tag-pal-jonson","tag-patriotrobot","tag-rubriker","tag-ryssland","tag-se","tag-svenska","tag-sverige","tag-sweden","tag-swedish","tag-top-stories","tag-topstories","tag-ukraina","tag-usa","tag-varlden","tag-vladimir-putin","tag-world","tag-world-news","tag-worldnews"],"share_on_mastodon":{"url":"https:\/\/pubeurope.com\/@se\/117208885975964495","error":""},"_links":{"self":[{"href":"https:\/\/www.europesays.com\/se\/wp-json\/wp\/v2\/posts\/365231","targetHints":{"allow":["GET"]}}],"collection":[{"href":"https:\/\/www.europesays.com\/se\/wp-json\/wp\/v2\/posts"}],"about":[{"href":"https:\/\/www.europesays.com\/se\/wp-json\/wp\/v2\/types\/post"}],"author":[{"embeddable":true,"href":"https:\/\/www.europesays.com\/se\/wp-json\/wp\/v2\/users\/2"}],"replies":[{"embeddable":true,"href":"https:\/\/www.europesays.com\/se\/wp-json\/wp\/v2\/comments?post=365231"}],"version-history":[{"count":0,"href":"https:\/\/www.europesays.com\/se\/wp-json\/wp\/v2\/posts\/365231\/revisions"}],"wp:featuredmedia":[{"embeddable":true,"href":"https:\/\/www.europesays.com\/se\/wp-json\/wp\/v2\/media\/365232"}],"wp:attachment":[{"href":"https:\/\/www.europesays.com\/se\/wp-json\/wp\/v2\/media?parent=365231"}],"wp:term":[{"taxonomy":"category","embeddable":true,"href":"https:\/\/www.europesays.com\/se\/wp-json\/wp\/v2\/categories?post=365231"},{"taxonomy":"post_tag","embeddable":true,"href":"https:\/\/www.europesays.com\/se\/wp-json\/wp\/v2\/tags?post=365231"}],"curies":[{"name":"wp","href":"https:\/\/api.w.org\/{rel}","templated":true}]}}