{"id":36526,"date":"2025-09-22T08:59:12","date_gmt":"2025-09-22T08:59:12","guid":{"rendered":"https:\/\/www.europesays.com\/se\/36526\/"},"modified":"2025-09-22T08:59:12","modified_gmt":"2025-09-22T08:59:12","slug":"veckokollen-aik-da-hade-saletros-inte-en-chans-allsvenskan","status":"publish","type":"post","link":"https:\/\/www.europesays.com\/se\/36526\/","title":{"rendered":"Veckokollen AIK: D\u00e5 hade Sal\u00e9tros inte en chans | Allsvenskan"},"content":{"rendered":"<p>Publicerad 21 sep 2025 kl 10.48Uppdaterad kl 12.00<\/p>\n<p>PremiumTabelltrean AIK har siktet inst\u00e4llt p\u00e5 bortamatchen mot IFK Norrk\u00f6ping.<\/p>\n<p>Vilka spelare som kommer finnas tillg\u00e4ngliga \u00e5terst\u00e5r att se.<\/p>\n<p>H\u00e4r kommer veckokollen fr\u00e5n AIK och Karlberg!<\/p>\n<p> Flera spelare borta fr\u00e5n tr\u00e4ning: \u201dStort fr\u00e5getecken\u201d<\/p>\n<p> Reagerar p\u00e5 maskeringsf\u00f6rbudet: \u201dAlla \u00f6nskar detsamma\u201d<\/p>\n<p> Stj\u00e4rnans nya kontrakt: \u201dGjort det tillr\u00e4ckligt bra\u201d<\/p>\n<p> AIK:aren Andreas Almgren hyllas efter VM-succ\u00e9n: \u201dJag hade ingen chans\u201d<\/p>\n<p> Nyckeln mot Peking: \u201dBeh\u00f6ver vara bra p\u00e5 det vi \u00f6nskar vara bra p\u00e5\u201d<\/p>\n<p><a href=\"https:\/\/www.expressen.se\/sport\/fotboll\/allsvenskan\/folj-ditt-favoritlag-i-expressens-sportapp\/\" rel=\"nofollow noopener\" target=\"_blank\"><strong>F\u00f6lj ditt favoritlag direkt i Expressens app \u2013 best\u00e4m ditt eget fl\u00f6de\u00a0<\/strong><\/a><\/p>\n<p><img   alt=\"\"\/>\u00d6ppna bild i helsk\u00e4rm<\/p>\n","protected":false},"excerpt":{"rendered":"Publicerad 21 sep 2025 kl 10.48Uppdaterad kl 12.00 PremiumTabelltrean AIK har siktet inst\u00e4llt p\u00e5 bortamatchen mot IFK Norrk\u00f6ping.&hellip;\n","protected":false},"author":2,"featured_media":36527,"comment_status":"","ping_status":"","sticky":false,"template":"","format":"standard","meta":{"footnotes":""},"categories":[68],"tags":[131,103,34,130,129,111,110,31,33,32,30],"class_list":{"0":"post-36526","1":"post","2":"type-post","3":"status-publish","4":"format-standard","5":"has-post-thumbnail","7":"category-sport","8":"tag-organization-aik-fotboll","9":"tag-premium","10":"tag-se","11":"tag-sections-allsvenskan","12":"tag-sections-fotboll","13":"tag-sport","14":"tag-sports","15":"tag-svenska","16":"tag-sverige","17":"tag-sweden","18":"tag-swedish"},"share_on_mastodon":{"url":"","error":""},"_links":{"self":[{"href":"https:\/\/www.europesays.com\/se\/wp-json\/wp\/v2\/posts\/36526","targetHints":{"allow":["GET"]}}],"collection":[{"href":"https:\/\/www.europesays.com\/se\/wp-json\/wp\/v2\/posts"}],"about":[{"href":"https:\/\/www.europesays.com\/se\/wp-json\/wp\/v2\/types\/post"}],"author":[{"embeddable":true,"href":"https:\/\/www.europesays.com\/se\/wp-json\/wp\/v2\/users\/2"}],"replies":[{"embeddable":true,"href":"https:\/\/www.europesays.com\/se\/wp-json\/wp\/v2\/comments?post=36526"}],"version-history":[{"count":0,"href":"https:\/\/www.europesays.com\/se\/wp-json\/wp\/v2\/posts\/36526\/revisions"}],"wp:featuredmedia":[{"embeddable":true,"href":"https:\/\/www.europesays.com\/se\/wp-json\/wp\/v2\/media\/36527"}],"wp:attachment":[{"href":"https:\/\/www.europesays.com\/se\/wp-json\/wp\/v2\/media?parent=36526"}],"wp:term":[{"taxonomy":"category","embeddable":true,"href":"https:\/\/www.europesays.com\/se\/wp-json\/wp\/v2\/categories?post=36526"},{"taxonomy":"post_tag","embeddable":true,"href":"https:\/\/www.europesays.com\/se\/wp-json\/wp\/v2\/tags?post=36526"}],"curies":[{"name":"wp","href":"https:\/\/api.w.org\/{rel}","templated":true}]}}