{"id":36578,"date":"2025-09-22T09:50:07","date_gmt":"2025-09-22T09:50:07","guid":{"rendered":"https:\/\/www.europesays.com\/se\/36578\/"},"modified":"2025-09-22T09:50:07","modified_gmt":"2025-09-22T09:50:07","slug":"gynnings-nya-bebis-heter-gunnar-forklaringen-bakom","status":"publish","type":"post","link":"https:\/\/www.europesays.com\/se\/36578\/","title":{"rendered":"Gynnings nya bebis heter Gunnar \u2013 f\u00f6rklaringen bakom"},"content":{"rendered":"<p>Publicerad 22 sep 2025 kl 10.58Uppdaterad kl 11.23<\/p>\n<p>Carolina Gynning och Viktor Philipson har v\u00e4lkomnat sitt andra gemensamma barn.\u00a0<\/p>\n<p>I TV4:s <a href=\"https:\/\/www.tv4.se\/nyhetsmorgon\" rel=\"nofollow noopener\" target=\"_blank\">\u201dNyhetsmorgon\u201d<\/a> ber\u00e4ttar de den r\u00f6rande detaljen bakom bebisens namn.\u00a0<\/p>\n<p><img loading=\"lazy\"   alt=\"\"\/><\/p>\n<p>Gynning och Philipson g\u00e4star \u201dNyhetsmorgon\u201d.<\/p>\n<p>Foto: TV4<\/p>\n<p>\u00d6ppna bild i helsk\u00e4rm<img loading=\"lazy\"   alt=\"\"\/><\/p>\n<p>De nyblivna f\u00f6r\u00e4ldrarna.<\/p>\n<p>Foto: TV4<\/p>\n<p>\u00d6ppna bild i helsk\u00e4rm<\/p>\n<p>Konstn\u00e4ren och entrepren\u00f6ren <a href=\"https:\/\/www.expressen.se\/tagg\/person\/carolina-gynning\/\" class=\"\" rel=\"nofollow noopener\" target=\"_blank\">Carolina Gynning<\/a>, 46, har blivit mamma f\u00f6r fj\u00e4rde g\u00e5ngen.\u00a0<\/p>\n<p>Sonen heter Gunnar Varg Philipson Gynning och \u00e4r hennes andra barn tillsammans med kungav\u00e4nnen Aje Philipson, 82, son Viktor Philipson, 39.<\/p>\n<p>\u2013 Jag m\u00e5r j\u00e4ttej\u00e4ttebra, man \u00e4r ju f\u00e4rdig n\u00e4r man precis kommit hem fr\u00e5n BB men det \u00e4r fantastiskt allts\u00e5. Jag \u00e4r s\u00e5 lycklig, s\u00e4ger Gynning n\u00e4r hon g\u00e4star TV4:s \u201dNyhetsmorgon\u201d p\u00e5 l\u00e4nk under s\u00f6ndagen.\u00a0<\/p>\n<p>Gynning s\u00e4ger att f\u00f6rlossningen gick superbra men att de st\u00f6tte p\u00e5 trubbel n\u00e4r Gunnar hade kommit ut.\u00a0<\/p>\n<p>\u2013 D\u00e5 f\u00f6rlorade jag alldeles f\u00f6r mycket blod tyv\u00e4rr, men de fick stopp p\u00e5 det i sista minuten. Man fick bara bl\u00f6da en liter och jag bl\u00f6dde 1,1 men jag slapp operation. S\u00e5 det var j\u00e4ttesk\u00f6nt, s\u00e4ger Gynning.\u00a0<\/p>\n<p>\u2013\u00a0F\u00f6rlossningen var helt fantastisk, den blir b\u00e4ttre f\u00f6r varje barn man f\u00e5r. Den var otrolig.\u00a0<\/p>\n<p>D\u00e4rf\u00f6r heter bebisen Gunnar<\/p>\n<p>S\u00e5 vad \u00e4r d\u00e5 historien bakom bebisens namn?\u00a0<\/p>\n<p>Viktor Philipson dyker in i TV4-rutan och ber\u00e4ttar att han farfar hette Gunnar Valfri Philipson.\u00a0<\/p>\n<p>\u2013 Och jag heter Gunnar och mina br\u00f6der heter Gunnar i mellannamn. S\u00e5 det \u00e4r ett familjenamn. Och Varg kommer ifr\u00e5n, vi bor p\u00e5 en vikinga\u00f6 h\u00e4r ute. S\u00e5 d\u00e5 k\u00e4ndes det som att Varg var ett litet vikinganamn.\u00a0<\/p>\n<p>Philipson s\u00e4ger att bebisen initialer nu blir Gunnar V Philipson.\u00a0<\/p>\n<p>\u2013\u00a0Precis som farfar hade men men Valfrid d\u00e5, s\u00e4ger han i TV4. \u00a0<\/p>\n<p><a href=\"https:\/\/www.instagram.com\/p\/DO0-xlbDCdr\/?hl=sv&amp;img_index=2?hidecaption=true\" data-provider=\"instagram\" class=\"js-social-embed\" rel=\"nofollow noopener\" target=\"_blank\">https:\/\/www.instagram.com\/p\/DO0-xlbDCdr\/?hl=sv&amp;img_index=2?hidecaption=true<\/a><script async src=\"\/\/www.instagram.com\/embed.js\"><\/script><\/p>\n","protected":false},"excerpt":{"rendered":"Publicerad 22 sep 2025 kl 10.58Uppdaterad kl 11.23 Carolina Gynning och Viktor Philipson har v\u00e4lkomnat sitt andra gemensamma&hellip;\n","protected":false},"author":2,"featured_media":36579,"comment_status":"","ping_status":"","sticky":false,"template":"","format":"standard","meta":{"footnotes":""},"categories":[67],"tags":[104,3876,3782,34,31,33,32,30,687,105],"class_list":{"0":"post-36578","1":"post","2":"type-post","3":"status-publish","4":"format-standard","5":"has-post-thumbnail","7":"category-underhallning","8":"tag-entertainment","9":"tag-organization-gynning-berg-hittar-sig-sjalva","10":"tag-person-carolina-gynning","11":"tag-se","12":"tag-svenska","13":"tag-sverige","14":"tag-sweden","15":"tag-swedish","16":"tag-topic-graviditet","17":"tag-underhallning"},"share_on_mastodon":{"url":"","error":""},"_links":{"self":[{"href":"https:\/\/www.europesays.com\/se\/wp-json\/wp\/v2\/posts\/36578","targetHints":{"allow":["GET"]}}],"collection":[{"href":"https:\/\/www.europesays.com\/se\/wp-json\/wp\/v2\/posts"}],"about":[{"href":"https:\/\/www.europesays.com\/se\/wp-json\/wp\/v2\/types\/post"}],"author":[{"embeddable":true,"href":"https:\/\/www.europesays.com\/se\/wp-json\/wp\/v2\/users\/2"}],"replies":[{"embeddable":true,"href":"https:\/\/www.europesays.com\/se\/wp-json\/wp\/v2\/comments?post=36578"}],"version-history":[{"count":0,"href":"https:\/\/www.europesays.com\/se\/wp-json\/wp\/v2\/posts\/36578\/revisions"}],"wp:featuredmedia":[{"embeddable":true,"href":"https:\/\/www.europesays.com\/se\/wp-json\/wp\/v2\/media\/36579"}],"wp:attachment":[{"href":"https:\/\/www.europesays.com\/se\/wp-json\/wp\/v2\/media?parent=36578"}],"wp:term":[{"taxonomy":"category","embeddable":true,"href":"https:\/\/www.europesays.com\/se\/wp-json\/wp\/v2\/categories?post=36578"},{"taxonomy":"post_tag","embeddable":true,"href":"https:\/\/www.europesays.com\/se\/wp-json\/wp\/v2\/tags?post=36578"}],"curies":[{"name":"wp","href":"https:\/\/api.w.org\/{rel}","templated":true}]}}