{"id":365893,"date":"2026-09-04T08:16:14","date_gmt":"2026-09-04T08:16:14","guid":{"rendered":"https:\/\/www.europesays.com\/se\/365893\/"},"modified":"2026-09-04T08:16:14","modified_gmt":"2026-09-04T08:16:14","slug":"hammarbystjarnan-skadad-efter-duell-med-mujanic-da-gor-det-ont-allsvenskan","status":"publish","type":"post","link":"https:\/\/www.europesays.com\/se\/365893\/","title":{"rendered":"Hammarbystj\u00e4rnan skadad efter duell med Mujanic: \u201dD\u00e5 g\u00f6r det ont\u201d | Allsvenskan"},"content":{"rendered":"<p>Publicerad 4 sep 2026 kl 08.45<\/p>\n<p>PremiumAmin Boudri kommer inte att vara tillg\u00e4nglig f\u00f6r spel den kommande tiden.<\/p>\n<p>Han skadade sig i en duell med AIK:s Amel Mujanic.<\/p>\n<p>\u2013 Om du g\u00e5r in fel, d\u00e5 g\u00f6r det ont, s\u00e4ger AIK:s mittf\u00e4ltare.\u00a0<\/p>\n<p><img   alt=\"\"\/><\/p>\n<p>Amin Boudri och Amel Mujanic.<\/p>\n<p>Foto: CAISA RASMUSSEN \/ BILDBYR\u00c5N<\/p>\n<p>\u00d6ppna bild i helsk\u00e4rm<img loading=\"lazy\"   alt=\"\"\/><\/p>\n<p>Amel Mujanic.<\/p>\n<p>Foto: MICHAEL ERICHSEN \/ BILDBYR\u00c5N<\/p>\n<p>\u00d6ppna bild i helsk\u00e4rm<\/p>\n","protected":false},"excerpt":{"rendered":"Publicerad 4 sep 2026 kl 08.45 PremiumAmin Boudri kommer inte att vara tillg\u00e4nglig f\u00f6r spel den kommande tiden.&hellip;\n","protected":false},"author":2,"featured_media":365894,"comment_status":"","ping_status":"","sticky":false,"template":"","format":"standard","meta":{"footnotes":"","_share_on_mastodon":"0"},"categories":[68],"tags":[460,159,138,578,103,34,111,110,31,33,32,30],"class_list":["post-365893","post","type-post","status-publish","format-standard","has-post-thumbnail","category-sport","tag-aik-fotboll","tag-allsvenskan","tag-fotboll","tag-hammarby-if","tag-premium","tag-se","tag-sport","tag-sports","tag-svenska","tag-sverige","tag-sweden","tag-swedish"],"share_on_mastodon":{"url":"https:\/\/pubeurope.com\/@se\/117211783902451212","error":""},"_links":{"self":[{"href":"https:\/\/www.europesays.com\/se\/wp-json\/wp\/v2\/posts\/365893","targetHints":{"allow":["GET"]}}],"collection":[{"href":"https:\/\/www.europesays.com\/se\/wp-json\/wp\/v2\/posts"}],"about":[{"href":"https:\/\/www.europesays.com\/se\/wp-json\/wp\/v2\/types\/post"}],"author":[{"embeddable":true,"href":"https:\/\/www.europesays.com\/se\/wp-json\/wp\/v2\/users\/2"}],"replies":[{"embeddable":true,"href":"https:\/\/www.europesays.com\/se\/wp-json\/wp\/v2\/comments?post=365893"}],"version-history":[{"count":0,"href":"https:\/\/www.europesays.com\/se\/wp-json\/wp\/v2\/posts\/365893\/revisions"}],"wp:featuredmedia":[{"embeddable":true,"href":"https:\/\/www.europesays.com\/se\/wp-json\/wp\/v2\/media\/365894"}],"wp:attachment":[{"href":"https:\/\/www.europesays.com\/se\/wp-json\/wp\/v2\/media?parent=365893"}],"wp:term":[{"taxonomy":"category","embeddable":true,"href":"https:\/\/www.europesays.com\/se\/wp-json\/wp\/v2\/categories?post=365893"},{"taxonomy":"post_tag","embeddable":true,"href":"https:\/\/www.europesays.com\/se\/wp-json\/wp\/v2\/tags?post=365893"}],"curies":[{"name":"wp","href":"https:\/\/api.w.org\/{rel}","templated":true}]}}