{"id":36594,"date":"2025-09-22T10:02:08","date_gmt":"2025-09-22T10:02:08","guid":{"rendered":"https:\/\/www.europesays.com\/se\/36594\/"},"modified":"2025-09-22T10:02:08","modified_gmt":"2025-09-22T10:02:08","slug":"johan-mathias-sommarstrom-lamnar-sr-gar-till-aftonbladet","status":"publish","type":"post","link":"https:\/\/www.europesays.com\/se\/36594\/","title":{"rendered":"Johan Mathias Sommarstr\u00f6m l\u00e4mnar SR \u2013 g\u00e5r till Aftonbladet"},"content":{"rendered":"<p>Publicerad 22 sep 2025 kl 09.32Uppdaterad kl 10.54<\/p>\n<p>Aftonbladets utrikeskommentator Wolfgang Hansson l\u00e4mnar.\u00a0<\/p>\n<p>Nu st\u00e5r det klart att SR-profilen Johan Mathias Sommarstr\u00f6m ska fylla hans skor.\u00a0<\/p>\n<p><img   alt=\"\"\/><\/p>\n<p>Johan Mathias Sommarstr\u00f6m.<\/p>\n<p>Foto: PATRIK C \u00d6STERBERG \/ STELLA PICTURES<\/p>\n<p>\u00d6ppna bild i helsk\u00e4rm<\/p>\n<p>Samtidigt blir Nivette Dawod dedikerad utrikesreporter och Niclas Vent f\u00e5r en roll som f\u00f6rsvars- och s\u00e4kerhetsreporter.<\/p>\n<p>\u2013 Genom det h\u00e4r tydligg\u00f6r och st\u00e4rker vi <a href=\"https:\/\/www.expressen.se\/tagg\/organization\/aftonbladet\/\" class=\"\" rel=\"nofollow noopener\" target=\"_blank\">Aftonbladets<\/a> journalistik p\u00e5 n\u00e5gra av de mest avg\u00f6rande omr\u00e5dena just nu \u2013 utrikesfr\u00e5gor och f\u00f6rsvar, s\u00e4ger Karin Schmidt, redaktionschef p\u00e5 Aftonbladet.<\/p>\n<p>Johan Mathias Sommarstr\u00f6m tilltr\u00e4der tj\u00e4nsten i november.\u00a0<\/p>\n","protected":false},"excerpt":{"rendered":"Publicerad 22 sep 2025 kl 09.32Uppdaterad kl 10.54 Aftonbladets utrikeskommentator Wolfgang Hansson l\u00e4mnar.\u00a0 Nu st\u00e5r det klart att&hellip;\n","protected":false},"author":2,"featured_media":36595,"comment_status":"","ping_status":"","sticky":false,"template":"","format":"standard","meta":{"footnotes":""},"categories":[12],"tags":[22,23,26,27,17,21,24,25,28,29,15,16,3880,1095,18,34,154,31,33,32,30,19,205,20],"class_list":{"0":"post-36594","1":"post","2":"type-post","3":"status-publish","4":"format-standard","5":"has-post-thumbnail","7":"category-sverige","8":"tag-breaking-news","9":"tag-breakingnews","10":"tag-featured-news","11":"tag-featurednews","12":"tag-headlines","13":"tag-huvudnyheter","14":"tag-latest-news","15":"tag-latestnews","16":"tag-main-news","17":"tag-mainnews","18":"tag-news","19":"tag-nyheter","20":"tag-organization-aftonbladet","21":"tag-organization-sveriges-radio","22":"tag-rubriker","23":"tag-se","24":"tag-sections-sverige","25":"tag-svenska","26":"tag-sverige","27":"tag-sweden","28":"tag-swedish","29":"tag-top-stories","30":"tag-topic-journalistik-medier","31":"tag-topstories"},"share_on_mastodon":{"url":"","error":""},"_links":{"self":[{"href":"https:\/\/www.europesays.com\/se\/wp-json\/wp\/v2\/posts\/36594","targetHints":{"allow":["GET"]}}],"collection":[{"href":"https:\/\/www.europesays.com\/se\/wp-json\/wp\/v2\/posts"}],"about":[{"href":"https:\/\/www.europesays.com\/se\/wp-json\/wp\/v2\/types\/post"}],"author":[{"embeddable":true,"href":"https:\/\/www.europesays.com\/se\/wp-json\/wp\/v2\/users\/2"}],"replies":[{"embeddable":true,"href":"https:\/\/www.europesays.com\/se\/wp-json\/wp\/v2\/comments?post=36594"}],"version-history":[{"count":0,"href":"https:\/\/www.europesays.com\/se\/wp-json\/wp\/v2\/posts\/36594\/revisions"}],"wp:featuredmedia":[{"embeddable":true,"href":"https:\/\/www.europesays.com\/se\/wp-json\/wp\/v2\/media\/36595"}],"wp:attachment":[{"href":"https:\/\/www.europesays.com\/se\/wp-json\/wp\/v2\/media?parent=36594"}],"wp:term":[{"taxonomy":"category","embeddable":true,"href":"https:\/\/www.europesays.com\/se\/wp-json\/wp\/v2\/categories?post=36594"},{"taxonomy":"post_tag","embeddable":true,"href":"https:\/\/www.europesays.com\/se\/wp-json\/wp\/v2\/tags?post=36594"}],"curies":[{"name":"wp","href":"https:\/\/api.w.org\/{rel}","templated":true}]}}