{"id":366089,"date":"2026-09-04T10:38:30","date_gmt":"2026-09-04T10:38:30","guid":{"rendered":"https:\/\/www.europesays.com\/se\/366089\/"},"modified":"2026-09-04T10:38:30","modified_gmt":"2026-09-04T10:38:30","slug":"beyerdynamic-aventho-y-svindlande-batteritid-till-halva-priset","status":"publish","type":"post","link":"https:\/\/www.europesays.com\/se\/366089\/","title":{"rendered":"Beyerdynamic Aventho Y \u2013 svindlande batteritid till halva priset"},"content":{"rendered":"<p class=\"first_para\">Skulle Beyerdynamics nya tr\u00e5dl\u00f6sa h\u00f6rlurar h\u00e5lla l\u00e4ngre \u00e4n batteriet, beh\u00f6ver du inte k\u00f6pa nya. Aventho Y har ett batteri du kan byta sj\u00e4lv och som ska h\u00e5lla i upp till 90 timmar mellan varje laddning. Modellen visades upp f\u00f6r f\u00f6rsta g\u00e5ngen under ShowStoppers-evenemanget i Berlin den 3 september, dagen innan IFA-m\u00e4ssan \u00f6ppnade, och finns i butik nu.<\/p>\n<p><a href=\"https:\/\/www.lydogbilde.no\/attachment\/pic_aventho-y_26-07_blue-fusion-male-streetdance_v1\/\" rel=\"attachment wp-att-566866 noopener nofollow\" target=\"_blank\"><img fetchpriority=\"high\" decoding=\"async\" class=\"size-full wp-image-512211\" src=\"https:\/\/www.europesays.com\/se\/wp-content\/uploads\/2026\/09\/PIC_AVENTHO-Y_26-07_Blue-Fusion-Male-Streetdance_v1.jpg\" alt=\"PIC_AVENTHO-Y_26-07_Blue-Fusion-Male-Streetdance_v1\" width=\"2560\" height=\"1440\"  \/><\/a>Aventho Y i f\u00e4rgen Blue Fusion. (Foto: Beyerdynamic)<br \/>\nBatteriet byter du sj\u00e4lv<\/p>\n<p>B\u00e5de batteriet och de vadderade \u00f6ronkuddarna kan bytas ut, liksom aluminiumskenorna i huvudbygeln och g\u00e5ngj\u00e4rnen i rostfritt st\u00e5l. \u00d6ronkuddarna sitter fast med magneter, s\u00e5 bytet kr\u00e4ver varken verktyg eller lim. Ett ovanligt grepp i den h\u00e4r prisklassen.<\/p>\n<p>L\u00e4s ocks\u00e5<\/p>\n<p><a style=\"text-decoration:none;font-size:21px;font-weight:600;color:#000;display:inline-block;width:100%;margin-bottom:10px;\" href=\"https:\/\/www.ljudochbild.se\/test\/horlurar\/beyerdynamic-aventho-300\/\" rel=\"nofollow noopener\" target=\"_blank\">TEST: Beyerdynamic Aventho 300<\/a><\/p>\n<p>Med de tr\u00e5dl\u00f6sa h\u00f6rlurarna Aventho 300 har Beyerdynamic tagit sina erfarenheter fr\u00e5n Lagoon ANC och g\u00f6r ett nytt f\u00f6rs\u00f6k att utmana de etablerade h\u00f6rlurarna i premiumsegmentet.<\/p>\n<p>Med tv\u00e5 timmars lyssning om dagen h\u00e5ller de 90 timmarna i en och en halv m\u00e5nad utan att beh\u00f6va laddas. Detta \u00e4r med brusreduceringen avst\u00e4ngd, och \u00e4ven om Beyerdynamic inte anger siffran med brusreducering aktiverad s\u00e5 r\u00e4knar vi med cirka 20 procent mindre speltid d\u00e4r. Skulle du uppt\u00e4cka att batteriet \u00e4r tomt n\u00e4r du \u00e4r p\u00e5 v\u00e4g ut genom d\u00f6rren s\u00e5 ger fem minuters snabbladdning sex nya timmar.<\/p>\n<p><a href=\"https:\/\/www.lydogbilde.no\/attachment\/pic_aventho-y_26-07_peach-blush-male-streetdance_v7\/\" rel=\"attachment wp-att-566872 noopener nofollow\" target=\"_blank\"><img loading=\"lazy\" decoding=\"async\" class=\"size-full wp-image-512217\" src=\"https:\/\/www.europesays.com\/se\/wp-content\/uploads\/2026\/09\/PIC_AVENTHO-Y_26-07_Peach-Blush-Male-Streetdance_v7.jpg\" alt=\"PIC_AVENTHO-Y_26-07_Peach-Blush-Male-Streetdance_v7\" width=\"2560\" height=\"1440\"  \/><\/a>Kan anv\u00e4ndas i USB DAC-l\u00e4ge. H\u00e4r i f\u00e4rgen Peach Blush. (Foto: Beyerdynamic)<br \/>\nTeams p\u00e5 datorn, musik p\u00e5 telefonen<\/p>\n<p>Aventho Y anv\u00e4nder Bluetooth 6.0 med multipoint, s\u00e5 att du kan vara ansluten till telefon och dator samtidigt. Du kan allts\u00e5 sitta i ett Teams-m\u00f6te p\u00e5 jobbdatorn och g\u00e5 direkt \u00f6ver till musik p\u00e5 telefonen efter\u00e5t, utan att koppla fr\u00e5n och para ihop p\u00e5 nytt.<\/p>\n<p>I oktober kommer ett eget uppgraderingspaket med USB-C-dongel och en bommikrofon i samma f\u00e4rg som h\u00f6rlurarna. D\u00e5 f\u00f6rvandlas Aventho Y till ett headset f\u00f6r videom\u00f6ten och spel, med mikrofonen framf\u00f6r munnen ist\u00e4llet f\u00f6r inbyggd i \u00f6ronk\u00e5pan. Vad paketet ska kosta \u00e4r inte uppgett.<\/p>\n<p><a href=\"https:\/\/www.lydogbilde.no\/attachment\/pic_aventho-y_26-07_soft-jade-female-streetdance_v8\/\" rel=\"attachment wp-att-566874 noopener nofollow\" target=\"_blank\"><img loading=\"lazy\" decoding=\"async\" class=\"size-full wp-image-512219\" src=\"https:\/\/www.europesays.com\/se\/wp-content\/uploads\/2026\/09\/PIC_AVENTHO-Y_26-07_Soft-Jade-Female-Streetdance_v8.jpg\" alt=\"PIC_AVENTHO-Y_26-07_Soft-Jade-Female-Streetdance_v8\" width=\"2560\" height=\"1440\"  \/><\/a>Soft Jade \u00e4r en ljus bl\u00e5gr\u00f6n f\u00e4rg. (Foto: Beyerdynamic)<br \/>\nHalva priset av storebror<\/p>\n<p>Beyerdynamics nuvarande toppmodell Aventho 300 f\u00f6ll v\u00e4l i smaken n\u00e4r vi testade dem f\u00f6rra \u00e5ret. De kostar i dag runt 3400 kronor och anges ha 50 timmars batteritid med brusreduceringen p\u00e5, med Bluetooth 5.4. Aventho Y f\u00e5r allts\u00e5 en nyare Bluetooth-version och antagligen b\u00e4ttre batteritid. De tv\u00e5 siffrorna \u00e4r inte m\u00e4tta p\u00e5 samma s\u00e4tt, eftersom Beyerdynamic anger Aventho Y utan brusreducering, men s\u00e4mre blir det i alla fall helt s\u00e4kert inte.<\/p>\n<p>L\u00e5t oss hoppas att Aventho Y ger mycket av flaggskeppet, f\u00f6r runt halva priset.<\/p>\n<p><a href=\"https:\/\/www.lydogbilde.no\/attachment\/pic_aventho-y_26-07_liquid-black-female-streetdance_v11\/\" rel=\"attachment wp-att-566870 noopener nofollow\" target=\"_blank\"><img loading=\"lazy\" decoding=\"async\" class=\"size-full wp-image-512215\" src=\"https:\/\/www.europesays.com\/se\/wp-content\/uploads\/2026\/09\/PIC_AVENTHO-Y_26-07_Liquid-Black-Female-Streetdance_v11.jpg\" alt=\"PIC_AVENTHO-Y_26-07_Liquid-Black-Female-Streetdance_v11\" width=\"2560\" height=\"1440\"  \/><\/a>Svart \u00e4r alltid en klassiker. (Foto: Beyerdynamic)<br \/>\nBeyerdynamic Aventho Y: Pris och tillg\u00e4nglighet<\/p>\n<p>Aventho Y kommer i f\u00e4rgerna Liquid Black, Blue Fusion, Soft Jade (bl\u00e5gr\u00f6n) och Peach Blush. Priset \u00e4r 1 800 kronor. Uppgraderingspaketet med USB-C-dongel och bom-mikrofon kommer i oktober, men i dagsl\u00e4get finns det inget pris.<\/p>\n<p>Mer info: <a href=\"https:\/\/www.beyerdynamic.com\" target=\"_blank\" rel=\"noopener nofollow\">beyerdynamic.com<\/a><\/p>\n<p>    <a href=\"https:\/\/www.ljudochbild.se\/author\/geir-nordby\/\" rel=\"nofollow noopener\" target=\"_blank\"><img loading=\"lazy\" decoding=\"async\" alt=\"Geir Gr\u00e5bein Nordby\" src=\"https:\/\/www.europesays.com\/se\/wp-content\/uploads\/2026\/09\/1788518310_184_geir_g.jpg\" class=\"avatar avatar-90 photo 1\" height=\"90\" width=\"90\"\/> <\/a>   <\/p>\n<p>\n(f. 1978): Journalist. Gr\u00e5bein har aldrig haft n\u00e5got annat heltidsjobb \u00e4n p\u00e5 Ljud &amp; Bild. \u00c5 andra sidan har han varit h\u00e4r n\u00e4stan halva sitt liv, \u00e4nda sedan 2001 n\u00e4r han skickade en jobbans\u00f6kan till fel adress (han ville egentligen till en inspelningsstudio med samma namn). Gr\u00e5beins expertis \u00e4r fr\u00e4mst inom hifi, h\u00f6rlurar och hemmabio, men det h\u00e4nder att han glimtar till med andra kvaliteter ocks\u00e5.<\/p>\n","protected":false},"excerpt":{"rendered":"Skulle Beyerdynamics nya tr\u00e5dl\u00f6sa h\u00f6rlurar h\u00e5lla l\u00e4ngre \u00e4n batteriet, beh\u00f6ver du inte k\u00f6pa nya. Aventho Y har ett&hellip;\n","protected":false},"author":2,"featured_media":366090,"comment_status":"","ping_status":"","sticky":false,"template":"","format":"standard","meta":{"footnotes":"","_share_on_mastodon":"0"},"categories":[66],"tags":[80,78,79,34,31,33,32,30,81,84,83,82],"class_list":["post-366089","post","type-post","status-publish","format-standard","has-post-thumbnail","category-vetenskap-och-teknik","tag-science","tag-science-and-technology","tag-scienceandtechnology","tag-se","tag-svenska","tag-sverige","tag-sweden","tag-swedish","tag-technology","tag-teknik","tag-vetenskap","tag-vetenskapteknik"],"share_on_mastodon":{"url":"https:\/\/pubeurope.com\/@se\/117212343353562731","error":""},"_links":{"self":[{"href":"https:\/\/www.europesays.com\/se\/wp-json\/wp\/v2\/posts\/366089","targetHints":{"allow":["GET"]}}],"collection":[{"href":"https:\/\/www.europesays.com\/se\/wp-json\/wp\/v2\/posts"}],"about":[{"href":"https:\/\/www.europesays.com\/se\/wp-json\/wp\/v2\/types\/post"}],"author":[{"embeddable":true,"href":"https:\/\/www.europesays.com\/se\/wp-json\/wp\/v2\/users\/2"}],"replies":[{"embeddable":true,"href":"https:\/\/www.europesays.com\/se\/wp-json\/wp\/v2\/comments?post=366089"}],"version-history":[{"count":0,"href":"https:\/\/www.europesays.com\/se\/wp-json\/wp\/v2\/posts\/366089\/revisions"}],"wp:featuredmedia":[{"embeddable":true,"href":"https:\/\/www.europesays.com\/se\/wp-json\/wp\/v2\/media\/366090"}],"wp:attachment":[{"href":"https:\/\/www.europesays.com\/se\/wp-json\/wp\/v2\/media?parent=366089"}],"wp:term":[{"taxonomy":"category","embeddable":true,"href":"https:\/\/www.europesays.com\/se\/wp-json\/wp\/v2\/categories?post=366089"},{"taxonomy":"post_tag","embeddable":true,"href":"https:\/\/www.europesays.com\/se\/wp-json\/wp\/v2\/tags?post=366089"}],"curies":[{"name":"wp","href":"https:\/\/api.w.org\/{rel}","templated":true}]}}