{"id":36614,"date":"2025-09-22T10:21:15","date_gmt":"2025-09-22T10:21:15","guid":{"rendered":"https:\/\/www.europesays.com\/se\/36614\/"},"modified":"2025-09-22T10:21:15","modified_gmt":"2025-09-22T10:21:15","slug":"analysen-efter-hammarby-if-bk-hacken-allsvenskan","status":"publish","type":"post","link":"https:\/\/www.europesays.com\/se\/36614\/","title":{"rendered":"Analysen efter Hammarby IF-BK H\u00e4cken | Allsvenskan"},"content":{"rendered":"<p>Publicerad 21 sep 2025 kl 15.53Uppdaterad kl 16.00<\/p>\n<p>PremiumHammarby IF besegrade BK H\u00e4cken (4\u20130).<\/p>\n<p>H\u00e4r \u00e4r analysen efter m\u00f6tet p\u00e5 3 arena.<\/p>\n<p>\u2713 Han b\u00e4r Hammarby IF: \u201dHj\u00e4rtat och sj\u00e4len\u201d<\/p>\n<p>\u2713 S\u00e5 slutar topp fyra: \u201dDe k\u00e4nns starkast\u201d<\/p>\n<p>\u2713 Riskerar att \u00e5ka ur allsvenskan: \u201dSjukt utcheckat\u201d<\/p>\n<p><img   alt=\"\"\/><\/p>\n<p>Hammarbys Nahir Besara och Paulos Abraham<\/p>\n<p>Foto: MAXIM THORE \/ BILDBYR\u00c5N<\/p>\n<p>\u00d6ppna bild i helsk\u00e4rm<\/p>\n","protected":false},"excerpt":{"rendered":"Publicerad 21 sep 2025 kl 15.53Uppdaterad kl 16.00 PremiumHammarby IF besegrade BK H\u00e4cken (4\u20130). H\u00e4r \u00e4r analysen efter&hellip;\n","protected":false},"author":2,"featured_media":36615,"comment_status":"","ping_status":"","sticky":false,"template":"","format":"standard","meta":{"footnotes":""},"categories":[68],"tags":[227,738,103,34,130,129,111,110,31,33,32,30],"class_list":{"0":"post-36614","1":"post","2":"type-post","3":"status-publish","4":"format-standard","5":"has-post-thumbnail","7":"category-sport","8":"tag-organization-bk-hacken","9":"tag-organization-hammarby-if","10":"tag-premium","11":"tag-se","12":"tag-sections-allsvenskan","13":"tag-sections-fotboll","14":"tag-sport","15":"tag-sports","16":"tag-svenska","17":"tag-sverige","18":"tag-sweden","19":"tag-swedish"},"share_on_mastodon":{"url":"","error":""},"_links":{"self":[{"href":"https:\/\/www.europesays.com\/se\/wp-json\/wp\/v2\/posts\/36614","targetHints":{"allow":["GET"]}}],"collection":[{"href":"https:\/\/www.europesays.com\/se\/wp-json\/wp\/v2\/posts"}],"about":[{"href":"https:\/\/www.europesays.com\/se\/wp-json\/wp\/v2\/types\/post"}],"author":[{"embeddable":true,"href":"https:\/\/www.europesays.com\/se\/wp-json\/wp\/v2\/users\/2"}],"replies":[{"embeddable":true,"href":"https:\/\/www.europesays.com\/se\/wp-json\/wp\/v2\/comments?post=36614"}],"version-history":[{"count":0,"href":"https:\/\/www.europesays.com\/se\/wp-json\/wp\/v2\/posts\/36614\/revisions"}],"wp:featuredmedia":[{"embeddable":true,"href":"https:\/\/www.europesays.com\/se\/wp-json\/wp\/v2\/media\/36615"}],"wp:attachment":[{"href":"https:\/\/www.europesays.com\/se\/wp-json\/wp\/v2\/media?parent=36614"}],"wp:term":[{"taxonomy":"category","embeddable":true,"href":"https:\/\/www.europesays.com\/se\/wp-json\/wp\/v2\/categories?post=36614"},{"taxonomy":"post_tag","embeddable":true,"href":"https:\/\/www.europesays.com\/se\/wp-json\/wp\/v2\/tags?post=36614"}],"curies":[{"name":"wp","href":"https:\/\/api.w.org\/{rel}","templated":true}]}}